
{"id":54006,"date":"2015-12-01T21:36:38","date_gmt":"2015-12-02T00:36:38","guid":{"rendered":"http:\/\/www.sudoestehoje.com.br\/novoportal\/?p=54006"},"modified":"2015-12-05T21:40:53","modified_gmt":"2015-12-06T00:40:53","slug":"herzem-gusmao-comenta-pacote-de-maldades-do-governador-rui-costa","status":"publish","type":"post","link":"https:\/\/www.sudoestehoje.com.br\/novoportal\/2015\/12\/01\/herzem-gusmao-comenta-pacote-de-maldades-do-governador-rui-costa\/","title":{"rendered":"HERZEM GUSM\u00c3O COMENTA PACOTE DE MALDADES DO GOVERNADOR RUI COSTA"},"content":{"rendered":"<p style=\"margin: 0cm; margin-bottom: .0001pt; text-align: justify; background: white;\"><a href=\"http:\/\/www.sudoestehoje.com.br\/novoportal\/wp-content\/uploads\/2015\/12\/Herzem-Foto-agosto-2015-1.jpg\"><img loading=\"lazy\" decoding=\"async\" class=\"aligncenter size-medium wp-image-54007\" src=\"http:\/\/www.sudoestehoje.com.br\/novoportal\/wp-content\/uploads\/2015\/12\/Herzem-Foto-agosto-2015-1-500x334.jpg\" alt=\"Herzem - Foto agosto 2015 (1)\" width=\"500\" height=\"334\" srcset=\"https:\/\/www.sudoestehoje.com.br\/novoportal\/wp-content\/uploads\/2015\/12\/Herzem-Foto-agosto-2015-1-500x334.jpg 500w, https:\/\/www.sudoestehoje.com.br\/novoportal\/wp-content\/uploads\/2015\/12\/Herzem-Foto-agosto-2015-1.jpg 640w\" sizes=\"auto, (max-width: 500px) 100vw, 500px\" \/><\/a><\/p>\n<p id=\"yui_3_16_0_1_1449360875855_23586\" style=\"margin: 0cm; margin-bottom: .0001pt; text-align: start; background: white; orphans: auto; widows: 1; -webkit-text-stroke-width: 0px; word-spacing: 0px;\"><span style=\"font-family: 'Arial','sans-serif'; color: black;\">O deputado estadual Herzem Gusm\u00e3o (PMDB) comentou nesta ter\u00e7a-feira (1) o \u201cpacote de maldade\u201d do governador Rui Costa que chegou \u00e0 Assembleia Legislativa para ser apreciado e votado pelos parlamentares. \u201cHoje, pela manh\u00e3, as comiss\u00f5es tem\u00e1ticas n\u00e3o se reuniram por falta de qu\u00f3rum. O governador resolveu deliberadamente convocar os deputados governistas para um caf\u00e9 da manh\u00e3, quando foi apresentado o pacote de maldade que ele enviou para a Casa\u201d, disse Gusm\u00e3o.<\/span><\/p>\n<p style=\"margin: 0cm; margin-bottom: .0001pt; text-align: justify; background: white;\"><span style=\"font-family: 'Arial','sans-serif'; color: black;\">\u00a0<\/span><\/p>\n<p id=\"yui_3_16_0_1_1449360875855_23500\" style=\"margin: 0cm; margin-bottom: .0001pt; text-align: start; background: white; orphans: auto; widows: 1; -webkit-text-stroke-width: 0px; word-spacing: 0px;\"><span style=\"font-family: 'Arial','sans-serif'; color: black;\">\u201cEu espero que os parlamentares do governo pensem e possam refletir o que j\u00e1 fizeram este ano, a exemplo do Planserv.<span class=\"yiv3544588383\">\u00a0<\/span><span id=\"yui_3_16_0_1_1449360875855_23573\">Chegou \u00e0 Assembleia Legislativa da Bahia uma extensa rela\u00e7\u00e3o de Projetos de<span class=\"yiv3544588383\">\u00a0<\/span>Lei<span class=\"yiv3544588383\">\u00a0<\/span>e uma PEC para serem votados. O governador Rui Costa pretende tirar direito e conquistas hist\u00f3ricas do funcionalismo. O pacote de altera\u00e7\u00f5es das<span class=\"yiv3544588383\">\u00a0<\/span>regras atuais da administra\u00e7\u00e3o p\u00fablica estadual est\u00e1 sendo considerado pela oposi\u00e7\u00e3o como mais uma maldade de Rui Costa contra os servidores p\u00fablicos.<span class=\"yiv3544588383\">\u00a0<\/span><\/span>N\u00f3s, da oposi\u00e7\u00e3o, fechamos quest\u00e3o e vamos votar contra e obstruir as vota\u00e7\u00f5es\u201d,<span class=\"yiv3544588383\">\u00a0<\/span>declarou o peemedebista, que se reuniu com os docentes que comp\u00f5em o F\u00f3rum das ADs, que s\u00e3o associa\u00e7\u00f5es que agregam todas a universidades estaduais. \u201cEles est\u00e3o insatisfeitos e demonstram preocupa\u00e7\u00e3o com a possibilidade de que os direitos adquiridos pela categoria sejam retirados pelo atual governo\u201d,<span class=\"yiv3544588383\">\u00a0<\/span>afirmou Gusm\u00e3o. Ascom<\/span><\/p>\n","protected":false},"excerpt":{"rendered":"<p>O deputado estadual Herzem Gusm\u00e3o (PMDB) comentou nesta ter\u00e7a-feira (1) o \u201cpacote de maldade\u201d do governador Rui Costa que chegou \u00e0 Assembleia Legislativa para ser apreciado e votado pelos parlamentares. \u201cHoje, pela manh\u00e3, as comiss\u00f5es tem\u00e1ticas n\u00e3o se reuniram por falta de qu\u00f3rum. O governador resolveu deliberadamente convocar os deputados governistas para um caf\u00e9 da [&hellip;]<\/p>\n","protected":false},"author":2,"featured_media":0,"comment_status":"open","ping_status":"open","sticky":false,"template":"","format":"standard","meta":{"footnotes":"","_links_to":"","_links_to_target":""},"categories":[1],"tags":[],"class_list":["post-54006","post","type-post","status-publish","format-standard","hentry","category-geral"],"views":1048,"_links":{"self":[{"href":"https:\/\/www.sudoestehoje.com.br\/novoportal\/wp-json\/wp\/v2\/posts\/54006","targetHints":{"allow":["GET"]}}],"collection":[{"href":"https:\/\/www.sudoestehoje.com.br\/novoportal\/wp-json\/wp\/v2\/posts"}],"about":[{"href":"https:\/\/www.sudoestehoje.com.br\/novoportal\/wp-json\/wp\/v2\/types\/post"}],"author":[{"embeddable":true,"href":"https:\/\/www.sudoestehoje.com.br\/novoportal\/wp-json\/wp\/v2\/users\/2"}],"replies":[{"embeddable":true,"href":"https:\/\/www.sudoestehoje.com.br\/novoportal\/wp-json\/wp\/v2\/comments?post=54006"}],"version-history":[{"count":1,"href":"https:\/\/www.sudoestehoje.com.br\/novoportal\/wp-json\/wp\/v2\/posts\/54006\/revisions"}],"predecessor-version":[{"id":54008,"href":"https:\/\/www.sudoestehoje.com.br\/novoportal\/wp-json\/wp\/v2\/posts\/54006\/revisions\/54008"}],"wp:attachment":[{"href":"https:\/\/www.sudoestehoje.com.br\/novoportal\/wp-json\/wp\/v2\/media?parent=54006"}],"wp:term":[{"taxonomy":"category","embeddable":true,"href":"https:\/\/www.sudoestehoje.com.br\/novoportal\/wp-json\/wp\/v2\/categories?post=54006"},{"taxonomy":"post_tag","embeddable":true,"href":"https:\/\/www.sudoestehoje.com.br\/novoportal\/wp-json\/wp\/v2\/tags?post=54006"}],"curies":[{"name":"wp","href":"https:\/\/api.w.org\/{rel}","templated":true}]}}