
{"id":54000,"date":"2015-12-05T21:27:24","date_gmt":"2015-12-06T00:27:24","guid":{"rendered":"http:\/\/www.sudoestehoje.com.br\/novoportal\/?p=54000"},"modified":"2015-12-05T21:31:19","modified_gmt":"2015-12-06T00:31:19","slug":"lider-do-governo-atende-solicitacao-de-herzem-gusmao","status":"publish","type":"post","link":"https:\/\/www.sudoestehoje.com.br\/novoportal\/2015\/12\/05\/lider-do-governo-atende-solicitacao-de-herzem-gusmao\/","title":{"rendered":"L\u00cdDER DO GOVERNO ATENDE SOLICITA\u00c7\u00c3O DE HERZEM GUSM\u00c3O"},"content":{"rendered":"<p class=\"yiv3459889348msonormal\" style=\"margin: 0cm; margin-bottom: .0001pt; text-align: justify; background: white;\"><a href=\"http:\/\/www.sudoestehoje.com.br\/novoportal\/wp-content\/uploads\/2015\/12\/VAN.jpg\"><img loading=\"lazy\" decoding=\"async\" class=\"aligncenter  wp-image-54002\" src=\"http:\/\/www.sudoestehoje.com.br\/novoportal\/wp-content\/uploads\/2015\/12\/VAN.jpg\" alt=\"VAN\" width=\"501\" height=\"367\" \/><\/a><\/p>\n<p class=\"yiv3459889348msonormal\" style=\"margin: 0cm; margin-bottom: .0001pt; text-align: justify; background: white;\"><span style=\"font-family: 'Arial','sans-serif'; color: black;\">Atendendo a uma solicita\u00e7\u00e3o do deputado Herzem Gusm\u00e3o (PMDB), o l\u00edder do governo na Assembleia, Z\u00e9 Neto (PT), disse que entrou em contato com a Agerba, que resolveu intensificar a fiscaliza\u00e7\u00e3o contra os vanzeiros, prejudicando a categoria. \u201c\u00c9 injustific\u00e1vel essa medida adotada pela Agerba, j\u00e1 que o processo de licita\u00e7\u00e3o do transporte est\u00e1 em andamento\u201d, disse Z\u00e9 Neto. <\/span><\/p>\n<p class=\"yiv3459889348msonormal\" style=\"margin: 0cm; margin-bottom: .0001pt; text-align: justify; background: white;\"><span style=\"font-family: 'Arial','sans-serif'; color: black;\">\u00a0<\/span><\/p>\n<p class=\"yiv3459889348msonormal\" style=\"margin: 0cm; margin-bottom: .0001pt; text-align: justify; background: white;\"><span style=\"font-family: 'Arial','sans-serif'; color: black;\">O l\u00edder disse tamb\u00e9m que articulou um Termo de Ajuste de Conduta (TAC) para vans e \u00f4nibus. \u201cO documento, al\u00e9m de tratar de quest\u00f5es pactuais e abrir as licita\u00e7\u00f5es tem tamb\u00e9m pactua\u00e7\u00f5es que dizem respeito \u00e1 melhoria da qualidade dos dois sistemas\u201d, disse Z\u00e9 Neto.<\/span><\/p>\n<p class=\"yiv3459889348msonormal\" style=\"margin: 0cm; margin-bottom: .0001pt; text-align: justify; background: white;\"><span style=\"font-size: 10.0pt; font-family: 'Arial','sans-serif'; color: black;\">\u00a0<\/span><\/p>\n<p id=\"yui_3_16_0_1_1449360875855_20510\" class=\"yiv3459889348msonormal\" style=\"margin: 0cm; margin-bottom: .0001pt; text-align: justify; background: white; orphans: auto; widows: 1; -webkit-text-stroke-width: 0px; word-spacing: 0px;\"><span id=\"yui_3_16_0_1_1449360875855_20509\"><span style=\"font-family: 'Arial','sans-serif'; color: black;\">O deputado Herzem Gusm\u00e3o, que denunciou a persegui\u00e7\u00e3o da Agerba, disse que vai continuar trabalhando para garantir que os vanzeiros possam trabalhar com tranquilidade. \u201cSe a Agerba n\u00e3o flexibilizar a fiscaliza\u00e7\u00e3o, vou insistir na legaliza\u00e7\u00e3o do transporte complementar na Bahia\u201d, afirmou Gusm\u00e3o. Em Vit\u00f3ria da Conquista e Jequi\u00e9, respectivamente as cooperativas Cootrabis e Cootaji tamb\u00e9m querem a legaliza\u00e7\u00e3o do transporte alternativo na regi\u00e3o Sudoeste. Ascom<\/span><\/span><\/p>\n<p class=\"yiv3459889348msonormal\" style=\"margin: 0cm 0cm 0.0001pt; orphans: auto; widows: 1; -webkit-text-stroke-width: 0px; word-spacing: 0px; background: white;\"><img decoding=\"async\" class=\"aligncenter\" src=\"http:\/\/www.sudoestehoje.com.br\/novoportal\/wp-content\/uploads\/2015\/05\/rezende-500x163-500x163.jpg\" alt=\"rezende-500x163\" \/><\/p>\n","protected":false},"excerpt":{"rendered":"<p>Atendendo a uma solicita\u00e7\u00e3o do deputado Herzem Gusm\u00e3o (PMDB), o l\u00edder do governo na Assembleia, Z\u00e9 Neto (PT), disse que entrou em contato com a Agerba, que resolveu intensificar a fiscaliza\u00e7\u00e3o contra os vanzeiros, prejudicando a categoria. \u201c\u00c9 injustific\u00e1vel essa medida adotada pela Agerba, j\u00e1 que o processo de licita\u00e7\u00e3o do transporte est\u00e1 em andamento\u201d, [&hellip;]<\/p>\n","protected":false},"author":2,"featured_media":0,"comment_status":"open","ping_status":"open","sticky":false,"template":"","format":"standard","meta":{"footnotes":"","_links_to":"","_links_to_target":""},"categories":[1],"tags":[],"class_list":["post-54000","post","type-post","status-publish","format-standard","hentry","category-geral"],"views":1147,"_links":{"self":[{"href":"https:\/\/www.sudoestehoje.com.br\/novoportal\/wp-json\/wp\/v2\/posts\/54000","targetHints":{"allow":["GET"]}}],"collection":[{"href":"https:\/\/www.sudoestehoje.com.br\/novoportal\/wp-json\/wp\/v2\/posts"}],"about":[{"href":"https:\/\/www.sudoestehoje.com.br\/novoportal\/wp-json\/wp\/v2\/types\/post"}],"author":[{"embeddable":true,"href":"https:\/\/www.sudoestehoje.com.br\/novoportal\/wp-json\/wp\/v2\/users\/2"}],"replies":[{"embeddable":true,"href":"https:\/\/www.sudoestehoje.com.br\/novoportal\/wp-json\/wp\/v2\/comments?post=54000"}],"version-history":[{"count":3,"href":"https:\/\/www.sudoestehoje.com.br\/novoportal\/wp-json\/wp\/v2\/posts\/54000\/revisions"}],"predecessor-version":[{"id":54005,"href":"https:\/\/www.sudoestehoje.com.br\/novoportal\/wp-json\/wp\/v2\/posts\/54000\/revisions\/54005"}],"wp:attachment":[{"href":"https:\/\/www.sudoestehoje.com.br\/novoportal\/wp-json\/wp\/v2\/media?parent=54000"}],"wp:term":[{"taxonomy":"category","embeddable":true,"href":"https:\/\/www.sudoestehoje.com.br\/novoportal\/wp-json\/wp\/v2\/categories?post=54000"},{"taxonomy":"post_tag","embeddable":true,"href":"https:\/\/www.sudoestehoje.com.br\/novoportal\/wp-json\/wp\/v2\/tags?post=54000"}],"curies":[{"name":"wp","href":"https:\/\/api.w.org\/{rel}","templated":true}]}}