
{"id":540,"date":"2010-07-18T09:35:47","date_gmt":"2010-07-18T12:35:47","guid":{"rendered":"http:\/\/sudoestehoje.tempsite.ws\/novoportal\/?p=540"},"modified":"2010-09-22T16:36:07","modified_gmt":"2010-09-22T19:36:07","slug":"relacao-entre-wagner-e-geraldo-simoes-nao-e-das-melhores","status":"publish","type":"post","link":"https:\/\/www.sudoestehoje.com.br\/novoportal\/2010\/07\/18\/relacao-entre-wagner-e-geraldo-simoes-nao-e-das-melhores\/","title":{"rendered":"RELA\u00c7\u00c3O ENTRE WAGNER E GERALDO SIM\u00d5ES N\u00c3O \u00c9 DAS MELHORES"},"content":{"rendered":"<div>\n<div>\n<div id=\"attachment_15978\"><a href=\"http:\/\/www.pimentanamuqueca.com.br\/wp-content\/uploads\/Wagner-e-Geraldo.JPG\"><\/p>\n<div><img loading=\"lazy\" decoding=\"async\" title=\"Wagner e Geraldo\" src=\"http:\/\/www.pimentanamuqueca.com.br\/wp-content\/uploads\/Wagner-e-Geraldo.JPG\" border=\"0\" alt=\"\" width=\"314\" height=\"235\" \/><\/div>\n<p><\/a>Wagner e Geraldo: rela\u00e7\u00e3o mudou.<\/p>\n<\/div>\n<\/div>\n<p>O  relacionamento pol\u00edtico do governador Jaques Wagner com o ex-prefeito  de Itabuna, Geraldo Sim\u00f5es, vice-l\u00edder do PT na C\u00e2mara dos Deputados,  n\u00e3o \u00e9 mais o mesmo. Aquela proximidade de GS com o mandat\u00e1rio-mor da  Bahia \u00e9 coisa do passado.<\/p>\n<p>O in\u00edcio do esfriamento  come\u00e7ou com a candidatura de Ju\u00e7ara Feitosa na \u00faltima sucess\u00e3o  municipal. O governador queria o pr\u00f3prio Geraldo como candidato. Deu no  que deu: uma acachapante vit\u00f3ria \u2013 mais de 12 mil votos de frente \u2013 do  Capit\u00e3o Azevedo (DEM).<\/p>\n<p>Depois, Geraldo embirrou  com o nome do senador C\u00e9sar Borges para compor a chapa majorit\u00e1ria  situacionista. Como n\u00e3o bastasse, liderou o movimento a favor de Waldir  Pires como candidato ao Senado da Rep\u00fablica em detrimento de Walter  Pinheiro.<\/p>\n<p>Qual ser\u00e1 o pr\u00f3ximo aborrecimento do  governador Jaques Wagner com Geraldo Sim\u00f5es? Tem gente apostando em  Miralva Moitinho, que preside o diret\u00f3rio municipal do PT, como  pr\u00e9-candidata a prefeita de Itabuna na sucess\u00e3o de 2012.<\/p>\n<p>Marco Wense (Pimenta na Muqueca)<\/p>\n<\/div>\n","protected":false},"excerpt":{"rendered":"<p>Wagner e Geraldo: rela\u00e7\u00e3o mudou. O relacionamento pol\u00edtico do governador Jaques Wagner com o ex-prefeito de Itabuna, Geraldo Sim\u00f5es, vice-l\u00edder do PT na C\u00e2mara dos Deputados, n\u00e3o \u00e9 mais o mesmo. Aquela proximidade de GS com o mandat\u00e1rio-mor da Bahia \u00e9 coisa do passado. O in\u00edcio do esfriamento come\u00e7ou com a candidatura de Ju\u00e7ara Feitosa [&hellip;]<\/p>\n","protected":false},"author":1,"featured_media":0,"comment_status":"open","ping_status":"open","sticky":false,"template":"","format":"standard","meta":{"footnotes":"","_links_to":"","_links_to_target":""},"categories":[1],"tags":[],"class_list":["post-540","post","type-post","status-publish","format-standard","hentry","category-geral"],"views":1381,"_links":{"self":[{"href":"https:\/\/www.sudoestehoje.com.br\/novoportal\/wp-json\/wp\/v2\/posts\/540","targetHints":{"allow":["GET"]}}],"collection":[{"href":"https:\/\/www.sudoestehoje.com.br\/novoportal\/wp-json\/wp\/v2\/posts"}],"about":[{"href":"https:\/\/www.sudoestehoje.com.br\/novoportal\/wp-json\/wp\/v2\/types\/post"}],"author":[{"embeddable":true,"href":"https:\/\/www.sudoestehoje.com.br\/novoportal\/wp-json\/wp\/v2\/users\/1"}],"replies":[{"embeddable":true,"href":"https:\/\/www.sudoestehoje.com.br\/novoportal\/wp-json\/wp\/v2\/comments?post=540"}],"version-history":[{"count":1,"href":"https:\/\/www.sudoestehoje.com.br\/novoportal\/wp-json\/wp\/v2\/posts\/540\/revisions"}],"predecessor-version":[{"id":541,"href":"https:\/\/www.sudoestehoje.com.br\/novoportal\/wp-json\/wp\/v2\/posts\/540\/revisions\/541"}],"wp:attachment":[{"href":"https:\/\/www.sudoestehoje.com.br\/novoportal\/wp-json\/wp\/v2\/media?parent=540"}],"wp:term":[{"taxonomy":"category","embeddable":true,"href":"https:\/\/www.sudoestehoje.com.br\/novoportal\/wp-json\/wp\/v2\/categories?post=540"},{"taxonomy":"post_tag","embeddable":true,"href":"https:\/\/www.sudoestehoje.com.br\/novoportal\/wp-json\/wp\/v2\/tags?post=540"}],"curies":[{"name":"wp","href":"https:\/\/api.w.org\/{rel}","templated":true}]}}