
{"id":53990,"date":"2015-12-05T12:42:48","date_gmt":"2015-12-05T15:42:48","guid":{"rendered":"http:\/\/www.sudoestehoje.com.br\/novoportal\/?p=53990"},"modified":"2015-12-05T12:43:11","modified_gmt":"2015-12-05T15:43:11","slug":"morre-aos-72-anos-a-atriz-mariia-pera","status":"publish","type":"post","link":"https:\/\/www.sudoestehoje.com.br\/novoportal\/2015\/12\/05\/morre-aos-72-anos-a-atriz-mariia-pera\/","title":{"rendered":"MORRE, AOS 72 ANOS, A ATRIZ MAR\u00cdLIA P\u00caRA"},"content":{"rendered":"<div class=\"_6l- __c_\">\n<div class=\"uiScaledImageContainer _6m5 fbStoryAttachmentImage\"><img loading=\"lazy\" decoding=\"async\" class=\"scaledImageFitWidth img aligncenter\" src=\"https:\/\/fbexternal-a.akamaihd.net\/safe_image.php?d=AQA3hTrvGLB-iA3Z&amp;w=487&amp;h=255&amp;url=https%3A%2F%2Ffbcdn-sphotos-c-a.akamaihd.net%2Fhphotos-ak-xpf1%2Fv%2Ft1.0-9%2F12294899_1097323793653038_7837438575074959287_n.jpg%3Foh%3D7cd693917b7b585b43ac4ea252cfaa17%26oe%3D56D3DF12%26__gda__%3D1456924717_73db16916a3b0b3a509a9cb5daecb200&amp;cfs=1&amp;upscale=1&amp;sx=0&amp;sy=19&amp;sw=620&amp;sh=325\" alt=\"\" width=\"487\" height=\"255\" \/><\/div>\n<\/div>\n<p>A atriz, cantora e diretora Mar\u00edlia P\u00eara morreu \u00e0s 6h deste s\u00e1bado (5), no Rio, aos 72 anos.\u00a0A atriz, que lutava contra um c\u00e2ncer de pulm\u00e3o havia 2 anos, morreu em casa, ao lado da fam\u00edlia. Ela deixa os filhos Ricardo Gra\u00e7a Mello, Esperan\u00e7a Motta e Nina Morena e o marido Bruno Faria. O vel\u00f3rio no Teatro Leblon, sala Mar\u00edlia P\u00eara, foi marcado inicialmente para 13h, tamb\u00e9m neste s\u00e1bado. O corpo saiu do pr\u00e9dio da atriz por volta das 12h25, a caminho de uma funer\u00e1ria onde seria preparado para a cerim\u00f4nia, fechada para fam\u00edlia e amigos.<\/p>\n<p>Mar\u00edlia era uma das artistas mais completas do Brasil: al\u00e9m de interpretar, era cantora, bailarina, diretora, produtora e core\u00f3grafa. Trabalhou em mais de 50 pe\u00e7as, quase 30 filmes e cerca de 40 novelas, miniss\u00e9ries e programas de televis\u00e3o. Um dos \u00faltimos trabalhos da atriz foi sua participa\u00e7\u00e3o na s\u00e9rie &#8220;P\u00e9 na Cova&#8217;, da TV Globo, onde interpretava a personagem Darlene.<\/p>\n<p><a href=\"http:\/\/www.sudoestehoje.com.br\/novoportal\/wp-content\/uploads\/2015\/12\/TROF\u00c9U.jpg\"><img loading=\"lazy\" decoding=\"async\" class=\"aligncenter size-medium wp-image-53991\" src=\"http:\/\/www.sudoestehoje.com.br\/novoportal\/wp-content\/uploads\/2015\/12\/TROF\u00c9U-500x281.jpg\" alt=\"TROF\u00c9U\" width=\"500\" height=\"281\" srcset=\"https:\/\/www.sudoestehoje.com.br\/novoportal\/wp-content\/uploads\/2015\/12\/TROF\u00c9U-500x281.jpg 500w, https:\/\/www.sudoestehoje.com.br\/novoportal\/wp-content\/uploads\/2015\/12\/TROF\u00c9U-700x393.jpg 700w, https:\/\/www.sudoestehoje.com.br\/novoportal\/wp-content\/uploads\/2015\/12\/TROF\u00c9U.jpg 960w\" sizes=\"auto, (max-width: 500px) 100vw, 500px\" \/><\/a><\/p>\n","protected":false},"excerpt":{"rendered":"<p>A atriz, cantora e diretora Mar\u00edlia P\u00eara morreu \u00e0s 6h deste s\u00e1bado (5), no Rio, aos 72 anos.\u00a0A atriz, que lutava contra um c\u00e2ncer de pulm\u00e3o havia 2 anos, morreu em casa, ao lado da fam\u00edlia. Ela deixa os filhos Ricardo Gra\u00e7a Mello, Esperan\u00e7a Motta e Nina Morena e o marido Bruno Faria. O vel\u00f3rio [&hellip;]<\/p>\n","protected":false},"author":2,"featured_media":0,"comment_status":"open","ping_status":"open","sticky":false,"template":"","format":"standard","meta":{"footnotes":"","_links_to":"","_links_to_target":""},"categories":[1],"tags":[],"class_list":["post-53990","post","type-post","status-publish","format-standard","hentry","category-geral"],"views":1464,"_links":{"self":[{"href":"https:\/\/www.sudoestehoje.com.br\/novoportal\/wp-json\/wp\/v2\/posts\/53990","targetHints":{"allow":["GET"]}}],"collection":[{"href":"https:\/\/www.sudoestehoje.com.br\/novoportal\/wp-json\/wp\/v2\/posts"}],"about":[{"href":"https:\/\/www.sudoestehoje.com.br\/novoportal\/wp-json\/wp\/v2\/types\/post"}],"author":[{"embeddable":true,"href":"https:\/\/www.sudoestehoje.com.br\/novoportal\/wp-json\/wp\/v2\/users\/2"}],"replies":[{"embeddable":true,"href":"https:\/\/www.sudoestehoje.com.br\/novoportal\/wp-json\/wp\/v2\/comments?post=53990"}],"version-history":[{"count":2,"href":"https:\/\/www.sudoestehoje.com.br\/novoportal\/wp-json\/wp\/v2\/posts\/53990\/revisions"}],"predecessor-version":[{"id":53993,"href":"https:\/\/www.sudoestehoje.com.br\/novoportal\/wp-json\/wp\/v2\/posts\/53990\/revisions\/53993"}],"wp:attachment":[{"href":"https:\/\/www.sudoestehoje.com.br\/novoportal\/wp-json\/wp\/v2\/media?parent=53990"}],"wp:term":[{"taxonomy":"category","embeddable":true,"href":"https:\/\/www.sudoestehoje.com.br\/novoportal\/wp-json\/wp\/v2\/categories?post=53990"},{"taxonomy":"post_tag","embeddable":true,"href":"https:\/\/www.sudoestehoje.com.br\/novoportal\/wp-json\/wp\/v2\/tags?post=53990"}],"curies":[{"name":"wp","href":"https:\/\/api.w.org\/{rel}","templated":true}]}}