
{"id":53981,"date":"2015-12-04T22:14:18","date_gmt":"2015-12-05T01:14:18","guid":{"rendered":"http:\/\/www.sudoestehoje.com.br\/novoportal\/?p=53981"},"modified":"2015-12-04T22:38:26","modified_gmt":"2015-12-05T01:38:26","slug":"caso-de-morte-de-bebe-como-microcefalia-e-registrado-em-itapetinga","status":"publish","type":"post","link":"https:\/\/www.sudoestehoje.com.br\/novoportal\/2015\/12\/04\/caso-de-morte-de-bebe-como-microcefalia-e-registrado-em-itapetinga\/","title":{"rendered":"1\u00ba CASO DE MORTE DE BEB\u00ca COM MICROCEFALIA \u00c9 REGISTRADO EM ITAPETINGA"},"content":{"rendered":"<p><a href=\"http:\/\/www.sudoestehoje.com.br\/novoportal\/wp-content\/uploads\/2015\/12\/MI.jpg\"><img loading=\"lazy\" decoding=\"async\" class=\"aligncenter size-medium wp-image-53982\" src=\"http:\/\/www.sudoestehoje.com.br\/novoportal\/wp-content\/uploads\/2015\/12\/MI-500x271.jpg\" alt=\"MI\" width=\"500\" height=\"271\" srcset=\"https:\/\/www.sudoestehoje.com.br\/novoportal\/wp-content\/uploads\/2015\/12\/MI-500x271.jpg 500w, https:\/\/www.sudoestehoje.com.br\/novoportal\/wp-content\/uploads\/2015\/12\/MI.jpg 600w\" sizes=\"auto, (max-width: 500px) 100vw, 500px\" \/><\/a><\/p>\n<p><em><strong>G1<\/strong><\/em><\/p>\n<p>Seis mortes de beb\u00eas com per\u00edmetro encef\u00e1lico igual ou inferior a 33 cent\u00edmetros foram divulgadas por meio de nota pelo Governo da Bahia, na manh\u00e3 desta sexta-feira (4). Os dados s\u00e3o referentes at\u00e9 o dia 1\u00ba de dezembro de 2015. Os munic\u00edpios onde as mortes foram registradas s\u00e3o: Salvador (1),<strong> Itapetinga (1)<\/strong>, Olindina (1), Tanha\u00e7u (1), Cama\u00e7ari (1) e Itabuna (1).<\/p>\n<p>Ainda de acordo com o governo, foram notificados 112 casos suspeitos de microcefalia, identificados em 34 munic\u00edpios, dos quais 26 foram confirmados. Este n\u00famero seguia o padr\u00e3o estabelecido pelo Minist\u00e9rio da Sa\u00fade, no qual considerava microc\u00e9falos os beb\u00eas que tenham per\u00edmetro encef\u00e1lico igual ou inferior a 33 cent\u00edmetros. Por\u00e9m, na quinta-feira (3), o Minist\u00e9rio da Sa\u00fade, em conson\u00e2ncia com a Organiza\u00e7\u00e3o Mundial de Sa\u00fade (OMS), passou a considerar o per\u00edmetro encef\u00e1lico igual ou menor que 32 cent\u00edmetros. Desse modo, a Bahia passa a ter 87 casos suspeitos de microcefalia.<\/p>\n<p>Em contato com o G1 na manh\u00e3 desta sexta-feira, a Secretaria de Sa\u00fade do Estado (Sesab) informou que, apesar da mudan\u00e7a no crit\u00e9rio adotado pelo Minist\u00e9rio da Sa\u00fade, o n\u00famero de \u00f3bitos continua o mesmo (seis) e apenas a investiga\u00e7\u00e3o dos pr\u00f3ximos casos ser\u00e3o modificadas.<\/p>\n<p><img decoding=\"async\" class=\"aligncenter\" src=\"http:\/\/www.sudoestehoje.com.br\/novoportal\/wp-content\/uploads\/2015\/10\/SERVLAR-BANNER-500x178.jpg\" alt=\"SERVLAR BANNER\" \/><\/p>\n","protected":false},"excerpt":{"rendered":"<p>G1 Seis mortes de beb\u00eas com per\u00edmetro encef\u00e1lico igual ou inferior a 33 cent\u00edmetros foram divulgadas por meio de nota pelo Governo da Bahia, na manh\u00e3 desta sexta-feira (4). Os dados s\u00e3o referentes at\u00e9 o dia 1\u00ba de dezembro de 2015. Os munic\u00edpios onde as mortes foram registradas s\u00e3o: Salvador (1), Itapetinga (1), Olindina (1), [&hellip;]<\/p>\n","protected":false},"author":2,"featured_media":0,"comment_status":"open","ping_status":"open","sticky":false,"template":"","format":"standard","meta":{"footnotes":"","_links_to":"","_links_to_target":""},"categories":[1],"tags":[],"class_list":["post-53981","post","type-post","status-publish","format-standard","hentry","category-geral"],"views":1740,"_links":{"self":[{"href":"https:\/\/www.sudoestehoje.com.br\/novoportal\/wp-json\/wp\/v2\/posts\/53981","targetHints":{"allow":["GET"]}}],"collection":[{"href":"https:\/\/www.sudoestehoje.com.br\/novoportal\/wp-json\/wp\/v2\/posts"}],"about":[{"href":"https:\/\/www.sudoestehoje.com.br\/novoportal\/wp-json\/wp\/v2\/types\/post"}],"author":[{"embeddable":true,"href":"https:\/\/www.sudoestehoje.com.br\/novoportal\/wp-json\/wp\/v2\/users\/2"}],"replies":[{"embeddable":true,"href":"https:\/\/www.sudoestehoje.com.br\/novoportal\/wp-json\/wp\/v2\/comments?post=53981"}],"version-history":[{"count":4,"href":"https:\/\/www.sudoestehoje.com.br\/novoportal\/wp-json\/wp\/v2\/posts\/53981\/revisions"}],"predecessor-version":[{"id":53986,"href":"https:\/\/www.sudoestehoje.com.br\/novoportal\/wp-json\/wp\/v2\/posts\/53981\/revisions\/53986"}],"wp:attachment":[{"href":"https:\/\/www.sudoestehoje.com.br\/novoportal\/wp-json\/wp\/v2\/media?parent=53981"}],"wp:term":[{"taxonomy":"category","embeddable":true,"href":"https:\/\/www.sudoestehoje.com.br\/novoportal\/wp-json\/wp\/v2\/categories?post=53981"},{"taxonomy":"post_tag","embeddable":true,"href":"https:\/\/www.sudoestehoje.com.br\/novoportal\/wp-json\/wp\/v2\/tags?post=53981"}],"curies":[{"name":"wp","href":"https:\/\/api.w.org\/{rel}","templated":true}]}}