
{"id":5398,"date":"2011-06-03T09:33:56","date_gmt":"2011-06-03T12:33:56","guid":{"rendered":"http:\/\/www.sudoestehoje.com.br\/novoportal\/?p=5398"},"modified":"2011-06-03T12:46:07","modified_gmt":"2011-06-03T15:46:07","slug":"opinando-que-ruas-precisam-ser-asfaltadas-primeiro","status":"publish","type":"post","link":"https:\/\/www.sudoestehoje.com.br\/novoportal\/2011\/06\/03\/opinando-que-ruas-precisam-ser-asfaltadas-primeiro\/","title":{"rendered":"OPINANDO: QUE RUAS PRECISAM SER ASFALTADAS PRIMEIRO?"},"content":{"rendered":"<p style=\"text-align: center;\"><img decoding=\"async\" class=\"aligncenter\" src=\"http:\/\/www.guarulhosweb.com.br\/fotos\/-----2011\/02-21\/ana_rua_sem_asfalto__51_.jpg\" alt=\"\" \/><\/p>\n<p style=\"text-align: center;\"><em><strong>ASFALTO NAS AVENIDAS OU NOS BAIRROS?<\/strong><\/em><\/p>\n<p>\u00a0<\/p>\n<p>COMENTA-SE QUE A PREFEITURA ASFALTAR\u00c1 ALGUMAS RUAS J\u00c1 CAL\u00c7ADAS, COMO AS AVENIDAS AM\u00c9RICO NOGUEIRA E GERSON DE OLIVEIRA. ISTO GEROU ALGUNS PROTESTOS DOS NOSSOS LEITORES, QUE ENTENDEM SER PRIORIT\u00c1RIO O ALFALTAMENTO\u00a0NOS BAIRROS, COMO A VILA ISABEL E AM\u00c9RICO NOGUEIRA, QUE N\u00c3O T\u00caM NENHUMA INFRAESTRUTURA.\u00a0 OUTROS ENTENDEM QUE O CENTRO DA CIDADE DEVERIA SER PRIORIZADO. VOC\u00ca TAMB\u00c9M ACHA ASSIM? D\u00ca A SUA OPINI\u00c3O AQU\u00cd.<\/p>\n","protected":false},"excerpt":{"rendered":"<p>ASFALTO NAS AVENIDAS OU NOS BAIRROS? \u00a0 COMENTA-SE QUE A PREFEITURA ASFALTAR\u00c1 ALGUMAS RUAS J\u00c1 CAL\u00c7ADAS, COMO AS AVENIDAS AM\u00c9RICO NOGUEIRA E GERSON DE OLIVEIRA. ISTO GEROU ALGUNS PROTESTOS DOS NOSSOS LEITORES, QUE ENTENDEM SER PRIORIT\u00c1RIO O ALFALTAMENTO\u00a0NOS BAIRROS, COMO A VILA ISABEL E AM\u00c9RICO NOGUEIRA, QUE N\u00c3O T\u00caM NENHUMA INFRAESTRUTURA.\u00a0 OUTROS ENTENDEM QUE O [&hellip;]<\/p>\n","protected":false},"author":2,"featured_media":0,"comment_status":"open","ping_status":"open","sticky":false,"template":"","format":"standard","meta":{"footnotes":"","_links_to":"","_links_to_target":""},"categories":[1],"tags":[],"class_list":["post-5398","post","type-post","status-publish","format-standard","hentry","category-geral"],"views":2526,"_links":{"self":[{"href":"https:\/\/www.sudoestehoje.com.br\/novoportal\/wp-json\/wp\/v2\/posts\/5398","targetHints":{"allow":["GET"]}}],"collection":[{"href":"https:\/\/www.sudoestehoje.com.br\/novoportal\/wp-json\/wp\/v2\/posts"}],"about":[{"href":"https:\/\/www.sudoestehoje.com.br\/novoportal\/wp-json\/wp\/v2\/types\/post"}],"author":[{"embeddable":true,"href":"https:\/\/www.sudoestehoje.com.br\/novoportal\/wp-json\/wp\/v2\/users\/2"}],"replies":[{"embeddable":true,"href":"https:\/\/www.sudoestehoje.com.br\/novoportal\/wp-json\/wp\/v2\/comments?post=5398"}],"version-history":[{"count":5,"href":"https:\/\/www.sudoestehoje.com.br\/novoportal\/wp-json\/wp\/v2\/posts\/5398\/revisions"}],"predecessor-version":[{"id":5401,"href":"https:\/\/www.sudoestehoje.com.br\/novoportal\/wp-json\/wp\/v2\/posts\/5398\/revisions\/5401"}],"wp:attachment":[{"href":"https:\/\/www.sudoestehoje.com.br\/novoportal\/wp-json\/wp\/v2\/media?parent=5398"}],"wp:term":[{"taxonomy":"category","embeddable":true,"href":"https:\/\/www.sudoestehoje.com.br\/novoportal\/wp-json\/wp\/v2\/categories?post=5398"},{"taxonomy":"post_tag","embeddable":true,"href":"https:\/\/www.sudoestehoje.com.br\/novoportal\/wp-json\/wp\/v2\/tags?post=5398"}],"curies":[{"name":"wp","href":"https:\/\/api.w.org\/{rel}","templated":true}]}}