
{"id":53977,"date":"2015-12-04T23:59:30","date_gmt":"2015-12-05T02:59:30","guid":{"rendered":"http:\/\/www.sudoestehoje.com.br\/novoportal\/?p=53977"},"modified":"2015-12-05T00:20:55","modified_gmt":"2015-12-05T03:20:55","slug":"reinauguracao-da-italar-presentes-nesta-segunda","status":"publish","type":"post","link":"https:\/\/www.sudoestehoje.com.br\/novoportal\/2015\/12\/04\/reinauguracao-da-italar-presentes-nesta-segunda\/","title":{"rendered":"REINAUGURA\u00c7\u00c3O DA ITALAR PRESENTES NESTA SEGUNDA"},"content":{"rendered":"<div id=\"attachment_53978\" style=\"width: 460px\" class=\"wp-caption aligncenter\"><a href=\"http:\/\/www.sudoestehoje.com.br\/novoportal\/wp-content\/uploads\/2015\/12\/italar.jpg\"><img loading=\"lazy\" decoding=\"async\" aria-describedby=\"caption-attachment-53978\" class=\" wp-image-53978\" src=\"http:\/\/www.sudoestehoje.com.br\/novoportal\/wp-content\/uploads\/2015\/12\/italar-500x700.jpg\" alt=\"REINAUGURA\u00c7\u00c3O NESTA SEGUNDA-FEIRA\" width=\"450\" height=\"630\" srcset=\"https:\/\/www.sudoestehoje.com.br\/novoportal\/wp-content\/uploads\/2015\/12\/italar-500x700.jpg 500w, https:\/\/www.sudoestehoje.com.br\/novoportal\/wp-content\/uploads\/2015\/12\/italar-643x900.jpg 643w, https:\/\/www.sudoestehoje.com.br\/novoportal\/wp-content\/uploads\/2015\/12\/italar.jpg 686w\" sizes=\"auto, (max-width: 450px) 100vw, 450px\" \/><\/a><p id=\"caption-attachment-53978\" class=\"wp-caption-text\">REINAUGURA\u00c7\u00c3O NESTA SEGUNDA-FEIRA<\/p><\/div>\n<p>Reinaugura\u00e7\u00e3o da Italar Presentes, na pr\u00f3xima segunda-feira (7) . Descontos imperd\u00edveis na super promo\u00e7\u00e3o Italar Tramontina, com o menor pre\u00e7o da regi\u00e3o. 25% de desconto \u00e0 vista, ou em 10 vezes no cart\u00e3o. Toda alinha brinquedos tamb\u00e9m com 25% \u00e0 vista, ou em 10 vezes no cart\u00e3o<\/p>\n<p>A Italar Presentes agora \u00e9 parceira da Tramontina na regi\u00e3o, oferecendo os menores pre\u00e7os a partir da pr\u00f3xima segunda-feira, na sua nova loja, na Alameda Rui Barbosa.<\/p>\n","protected":false},"excerpt":{"rendered":"<p>Reinaugura\u00e7\u00e3o da Italar Presentes, na pr\u00f3xima segunda-feira (7) . Descontos imperd\u00edveis na super promo\u00e7\u00e3o Italar Tramontina, com o menor pre\u00e7o da regi\u00e3o. 25% de desconto \u00e0 vista, ou em 10 vezes no cart\u00e3o. Toda alinha brinquedos tamb\u00e9m com 25% \u00e0 vista, ou em 10 vezes no cart\u00e3o A Italar Presentes agora \u00e9 parceira da Tramontina [&hellip;]<\/p>\n","protected":false},"author":2,"featured_media":0,"comment_status":"open","ping_status":"open","sticky":false,"template":"","format":"standard","meta":{"footnotes":"","_links_to":"","_links_to_target":""},"categories":[1],"tags":[],"class_list":["post-53977","post","type-post","status-publish","format-standard","hentry","category-geral"],"views":1430,"_links":{"self":[{"href":"https:\/\/www.sudoestehoje.com.br\/novoportal\/wp-json\/wp\/v2\/posts\/53977","targetHints":{"allow":["GET"]}}],"collection":[{"href":"https:\/\/www.sudoestehoje.com.br\/novoportal\/wp-json\/wp\/v2\/posts"}],"about":[{"href":"https:\/\/www.sudoestehoje.com.br\/novoportal\/wp-json\/wp\/v2\/types\/post"}],"author":[{"embeddable":true,"href":"https:\/\/www.sudoestehoje.com.br\/novoportal\/wp-json\/wp\/v2\/users\/2"}],"replies":[{"embeddable":true,"href":"https:\/\/www.sudoestehoje.com.br\/novoportal\/wp-json\/wp\/v2\/comments?post=53977"}],"version-history":[{"count":2,"href":"https:\/\/www.sudoestehoje.com.br\/novoportal\/wp-json\/wp\/v2\/posts\/53977\/revisions"}],"predecessor-version":[{"id":53980,"href":"https:\/\/www.sudoestehoje.com.br\/novoportal\/wp-json\/wp\/v2\/posts\/53977\/revisions\/53980"}],"wp:attachment":[{"href":"https:\/\/www.sudoestehoje.com.br\/novoportal\/wp-json\/wp\/v2\/media?parent=53977"}],"wp:term":[{"taxonomy":"category","embeddable":true,"href":"https:\/\/www.sudoestehoje.com.br\/novoportal\/wp-json\/wp\/v2\/categories?post=53977"},{"taxonomy":"post_tag","embeddable":true,"href":"https:\/\/www.sudoestehoje.com.br\/novoportal\/wp-json\/wp\/v2\/tags?post=53977"}],"curies":[{"name":"wp","href":"https:\/\/api.w.org\/{rel}","templated":true}]}}