
{"id":53974,"date":"2015-12-04T21:32:17","date_gmt":"2015-12-05T00:32:17","guid":{"rendered":"http:\/\/www.sudoestehoje.com.br\/novoportal\/?p=53974"},"modified":"2015-12-04T21:32:17","modified_gmt":"2015-12-05T00:32:17","slug":"dilma-pode-renunciar-dizem-aliados","status":"publish","type":"post","link":"https:\/\/www.sudoestehoje.com.br\/novoportal\/2015\/12\/04\/dilma-pode-renunciar-dizem-aliados\/","title":{"rendered":"DILMA PODE RENUNCIAR, DIZEM ALIADOS"},"content":{"rendered":"<div id=\"attachment_53975\" style=\"width: 510px\" class=\"wp-caption aligncenter\"><a href=\"http:\/\/www.sudoestehoje.com.br\/novoportal\/wp-content\/uploads\/2015\/12\/dilma-ministros-irritada-640x394.jpg\"><img loading=\"lazy\" decoding=\"async\" aria-describedby=\"caption-attachment-53975\" class=\"size-medium wp-image-53975\" src=\"http:\/\/www.sudoestehoje.com.br\/novoportal\/wp-content\/uploads\/2015\/12\/dilma-ministros-irritada-640x394-500x308.jpg\" alt=\"Irritada com o PT, ministros e at\u00e9 com Lula, a presidente Dilma Rousseff pode renunciar, caso perceba que a luta contra o impeachment ser\u00e1 ingl\u00f3ria.\" width=\"500\" height=\"308\" srcset=\"https:\/\/www.sudoestehoje.com.br\/novoportal\/wp-content\/uploads\/2015\/12\/dilma-ministros-irritada-640x394-500x308.jpg 500w, https:\/\/www.sudoestehoje.com.br\/novoportal\/wp-content\/uploads\/2015\/12\/dilma-ministros-irritada-640x394.jpg 640w\" sizes=\"auto, (max-width: 500px) 100vw, 500px\" \/><\/a><p id=\"caption-attachment-53975\" class=\"wp-caption-text\">Irritada com o PT, ministros e at\u00e9 com Lula, a presidente Dilma Rousseff pode renunciar, caso perceba que a luta contra o impeachment ser\u00e1 ingl\u00f3ria.<\/p><\/div>\n<p>A presidente Dilma Rousseff pode renunciar, caso perceba que a luta pelo impeachment ser\u00e1 ingl\u00f3ria. Deputados e senadores da base avaliam que as defesas psicol\u00f3gicas da presidente est\u00e3o no fundo do po\u00e7o, al\u00e9m de ela estar extremamente irritada com o PT, devido \u00e0 estrat\u00e9gia \u201cburra e suicida\u201d de confrontar Eduardo Cunha na Comiss\u00e3o de \u00c9tica da C\u00e2mara dos Deputados.<\/p>\n<p>Dilma tamb\u00e9m estaria contrariada com ministros que, na vis\u00e3o dela, agindo por inspira\u00e7\u00e3o de Lula, vazaram a informa\u00e7\u00e3o de que era melhor enfrentar o processo de impeachment logo. Dilma teria conclu\u00eddo que o PT v\u00ea at\u00e9 v\u00ea com bons olhos o impeachment para tirar o partido do foco de desgaste e iniciar um trabalho de reconstru\u00e7\u00e3o para 2018, com Lula \u00e0 frente, claro, sem ter que defender governo em crise.<\/p>\n<p><img decoding=\"async\" class=\"aligncenter\" src=\"http:\/\/www.sudoestehoje.com.br\/novoportal\/wp-content\/uploads\/2014\/12\/skala-novo.jpg\" alt=\"skala novo\" \/><\/p>\n","protected":false},"excerpt":{"rendered":"<p>A presidente Dilma Rousseff pode renunciar, caso perceba que a luta pelo impeachment ser\u00e1 ingl\u00f3ria. Deputados e senadores da base avaliam que as defesas psicol\u00f3gicas da presidente est\u00e3o no fundo do po\u00e7o, al\u00e9m de ela estar extremamente irritada com o PT, devido \u00e0 estrat\u00e9gia \u201cburra e suicida\u201d de confrontar Eduardo Cunha na Comiss\u00e3o de \u00c9tica [&hellip;]<\/p>\n","protected":false},"author":2,"featured_media":0,"comment_status":"open","ping_status":"open","sticky":false,"template":"","format":"standard","meta":{"footnotes":"","_links_to":"","_links_to_target":""},"categories":[1],"tags":[],"class_list":["post-53974","post","type-post","status-publish","format-standard","hentry","category-geral"],"views":1171,"_links":{"self":[{"href":"https:\/\/www.sudoestehoje.com.br\/novoportal\/wp-json\/wp\/v2\/posts\/53974","targetHints":{"allow":["GET"]}}],"collection":[{"href":"https:\/\/www.sudoestehoje.com.br\/novoportal\/wp-json\/wp\/v2\/posts"}],"about":[{"href":"https:\/\/www.sudoestehoje.com.br\/novoportal\/wp-json\/wp\/v2\/types\/post"}],"author":[{"embeddable":true,"href":"https:\/\/www.sudoestehoje.com.br\/novoportal\/wp-json\/wp\/v2\/users\/2"}],"replies":[{"embeddable":true,"href":"https:\/\/www.sudoestehoje.com.br\/novoportal\/wp-json\/wp\/v2\/comments?post=53974"}],"version-history":[{"count":1,"href":"https:\/\/www.sudoestehoje.com.br\/novoportal\/wp-json\/wp\/v2\/posts\/53974\/revisions"}],"predecessor-version":[{"id":53976,"href":"https:\/\/www.sudoestehoje.com.br\/novoportal\/wp-json\/wp\/v2\/posts\/53974\/revisions\/53976"}],"wp:attachment":[{"href":"https:\/\/www.sudoestehoje.com.br\/novoportal\/wp-json\/wp\/v2\/media?parent=53974"}],"wp:term":[{"taxonomy":"category","embeddable":true,"href":"https:\/\/www.sudoestehoje.com.br\/novoportal\/wp-json\/wp\/v2\/categories?post=53974"},{"taxonomy":"post_tag","embeddable":true,"href":"https:\/\/www.sudoestehoje.com.br\/novoportal\/wp-json\/wp\/v2\/tags?post=53974"}],"curies":[{"name":"wp","href":"https:\/\/api.w.org\/{rel}","templated":true}]}}