
{"id":53961,"date":"2015-12-03T20:15:30","date_gmt":"2015-12-03T23:15:30","guid":{"rendered":"http:\/\/www.sudoestehoje.com.br\/novoportal\/?p=53961"},"modified":"2015-12-03T20:30:03","modified_gmt":"2015-12-03T23:30:03","slug":"wagner-e-chamado-de-gato-angora-em-jantar-petista","status":"publish","type":"post","link":"https:\/\/www.sudoestehoje.com.br\/novoportal\/2015\/12\/03\/wagner-e-chamado-de-gato-angora-em-jantar-petista\/","title":{"rendered":"JAQUES WAGNER \u00c9 CHAMADO DE &#8220;GATO ANGOR\u00c1&#8221; EM JANTAR PETISTA"},"content":{"rendered":"<p><a href=\"http:\/\/www.sudoestehoje.com.br\/novoportal\/wp-content\/uploads\/2015\/12\/cat.jpg\"><img loading=\"lazy\" decoding=\"async\" class=\"aligncenter size-medium wp-image-53963\" src=\"http:\/\/www.sudoestehoje.com.br\/novoportal\/wp-content\/uploads\/2015\/12\/cat-500x500.jpg\" alt=\"cat\" width=\"500\" height=\"500\" srcset=\"https:\/\/www.sudoestehoje.com.br\/novoportal\/wp-content\/uploads\/2015\/12\/cat-500x500.jpg 500w, https:\/\/www.sudoestehoje.com.br\/novoportal\/wp-content\/uploads\/2015\/12\/cat-150x150.jpg 150w, https:\/\/www.sudoestehoje.com.br\/novoportal\/wp-content\/uploads\/2015\/12\/cat.jpg 680w\" sizes=\"auto, (max-width: 500px) 100vw, 500px\" \/><\/a><\/p>\n<p>O ministro chefe da Casa Civil, Jaques Wagner, foi peitado pela bancada federal do PT durante jantar na casa do deputado Paulo Pimenta, na \u00faltima segunda-feira. Wagner pretendia convencer o grupo a salvar o presidente da C\u00e2mara, Eduardo Cunha (PMDB-RJ), no Conselho de \u00c9tica, onde tr\u00eas petistas com direito a voto se rebelam contra a orienta\u00e7\u00e3o do governo para absolver o peemedebista da acusa\u00e7\u00e3o de quebra de decoro.<\/p>\n<p>Mas o que se viu l\u00e1 foi um refor\u00e7o \u00e0 posi\u00e7\u00e3o dos tr\u00eas parlamentares do PT, que conseguiram o respaldo de praticamente toda a bancada com rela\u00e7\u00e3o aos votos que pretendem dar contra Cunha. \u201cA reuni\u00e3o mostrou que o governo n\u00e3o tem mais o controle do partido na C\u00e2mara. O quadro est\u00e1 de vaca n\u00e3o reconhecer bezerro\u201d, disse, horrorizado, um deputado do PT.<\/p>\n<p>Ele relatou que o encontro chegou a ser constrangedor para o ministro. Um dos presentes, da ala mais radical da bancada de um Estado do nordeste, chegou a dizer cheio de mal\u00edcia a um colega, sem o cuidado de evitar que os demais ouvissem, que n\u00e3o precisava o governo ter mandado aquele \u201cgato angor\u00e1 todo charmoso\u201d conversar com eles por ser perda de tempo.<\/p>\n<p>Depois, explicou que era uma refer\u00eancia, em sua terra, ao fato de Wagner ter chegado todo empetecado num palet\u00f3 sem um amasso com a cabeleira branca impec\u00e1vel e lustrosa, emoldurando aqueles olhos azuis faiscantes que, em tempos pret\u00e9ritos, encantavam todos eles. Cunha condiciona o apoio do PT a ele no Conselho \u00e0 sua decis\u00e3o de abrir o processo de impeachment contra a presidente Dilma Rousseff (PT) no Congresso. Pol\u00edtica Livre<\/p>\n<p><img decoding=\"async\" class=\"aligncenter\" src=\"http:\/\/www.sudoestehoje.com.br\/novoportal\/wp-content\/uploads\/2015\/12\/NATAL-SUPERMODA-500x167.jpg\" alt=\"NATAL SUPERMODA\" \/><\/p>\n","protected":false},"excerpt":{"rendered":"<p>O ministro chefe da Casa Civil, Jaques Wagner, foi peitado pela bancada federal do PT durante jantar na casa do deputado Paulo Pimenta, na \u00faltima segunda-feira. Wagner pretendia convencer o grupo a salvar o presidente da C\u00e2mara, Eduardo Cunha (PMDB-RJ), no Conselho de \u00c9tica, onde tr\u00eas petistas com direito a voto se rebelam contra a [&hellip;]<\/p>\n","protected":false},"author":2,"featured_media":0,"comment_status":"open","ping_status":"open","sticky":false,"template":"","format":"standard","meta":{"footnotes":"","_links_to":"","_links_to_target":""},"categories":[1],"tags":[],"class_list":["post-53961","post","type-post","status-publish","format-standard","hentry","category-geral"],"views":2192,"_links":{"self":[{"href":"https:\/\/www.sudoestehoje.com.br\/novoportal\/wp-json\/wp\/v2\/posts\/53961","targetHints":{"allow":["GET"]}}],"collection":[{"href":"https:\/\/www.sudoestehoje.com.br\/novoportal\/wp-json\/wp\/v2\/posts"}],"about":[{"href":"https:\/\/www.sudoestehoje.com.br\/novoportal\/wp-json\/wp\/v2\/types\/post"}],"author":[{"embeddable":true,"href":"https:\/\/www.sudoestehoje.com.br\/novoportal\/wp-json\/wp\/v2\/users\/2"}],"replies":[{"embeddable":true,"href":"https:\/\/www.sudoestehoje.com.br\/novoportal\/wp-json\/wp\/v2\/comments?post=53961"}],"version-history":[{"count":4,"href":"https:\/\/www.sudoestehoje.com.br\/novoportal\/wp-json\/wp\/v2\/posts\/53961\/revisions"}],"predecessor-version":[{"id":53967,"href":"https:\/\/www.sudoestehoje.com.br\/novoportal\/wp-json\/wp\/v2\/posts\/53961\/revisions\/53967"}],"wp:attachment":[{"href":"https:\/\/www.sudoestehoje.com.br\/novoportal\/wp-json\/wp\/v2\/media?parent=53961"}],"wp:term":[{"taxonomy":"category","embeddable":true,"href":"https:\/\/www.sudoestehoje.com.br\/novoportal\/wp-json\/wp\/v2\/categories?post=53961"},{"taxonomy":"post_tag","embeddable":true,"href":"https:\/\/www.sudoestehoje.com.br\/novoportal\/wp-json\/wp\/v2\/tags?post=53961"}],"curies":[{"name":"wp","href":"https:\/\/api.w.org\/{rel}","templated":true}]}}