
{"id":53951,"date":"2015-12-03T09:21:34","date_gmt":"2015-12-03T12:21:34","guid":{"rendered":"http:\/\/www.sudoestehoje.com.br\/novoportal\/?p=53951"},"modified":"2015-12-03T19:12:16","modified_gmt":"2015-12-03T22:12:16","slug":"itapetinga-servidores-contratados-e-nomeados-da-prefeitura-estao-sem-salarios-ha-5-meses","status":"publish","type":"post","link":"https:\/\/www.sudoestehoje.com.br\/novoportal\/2015\/12\/03\/itapetinga-servidores-contratados-e-nomeados-da-prefeitura-estao-sem-salarios-ha-5-meses\/","title":{"rendered":"ITAPETINGA: SERVIDORES CONTRATADOS E NOMEADOS DA PREFEITURA EST\u00c3O SEM SAL\u00c1RIOS H\u00c1 5 MESES"},"content":{"rendered":"<p><a href=\"http:\/\/www.sudoestehoje.com.br\/novoportal\/wp-content\/uploads\/2015\/12\/contrato_escravo5b55d.jpg\"><img loading=\"lazy\" decoding=\"async\" class=\"  wp-image-53952 alignleft\" src=\"http:\/\/www.sudoestehoje.com.br\/novoportal\/wp-content\/uploads\/2015\/12\/contrato_escravo5b55d.jpg\" alt=\"contrato_escravo5b55d\" width=\"270\" height=\"270\" srcset=\"https:\/\/www.sudoestehoje.com.br\/novoportal\/wp-content\/uploads\/2015\/12\/contrato_escravo5b55d.jpg 300w, https:\/\/www.sudoestehoje.com.br\/novoportal\/wp-content\/uploads\/2015\/12\/contrato_escravo5b55d-150x150.jpg 150w\" sizes=\"auto, (max-width: 270px) 100vw, 270px\" \/><\/a><\/p>\n<p>Um enorme contingente de servidores municipais contratados e nomeados pelo prefeito, est\u00e1 sem receber sal\u00e1rios h\u00e1 5 meses, estabelecendo um clima de revolta e indigna\u00e7\u00e3o contra a administra\u00e7\u00e3o municipal.<\/p>\n<p>Segundo informa\u00e7\u00f5es colhidas pelo Sudoeste Hoje, s\u00e3o mais de 500 servidores, espalhados nas secretarias de Educa\u00e7\u00e3o, Sa\u00fade, Urbanismo, Transportes, Comutran e outros \u00f3rg\u00e3os municipais, na sua maioria ex-cabos eleitorais do prefeito.<\/p>\n<p>Quem deveria defende-los e levar o caso \u00e0 Justi\u00e7a do Trabalho, seria o Sindicato dos Servidores (Sinditatiba), mas sua presidente aderiu ao grupo do prefeito e faz corpo mole para n\u00e3o criar problemas para o chefe.<\/p>\n<p>Entre os nomeados, est\u00e3o tamb\u00e9m os secret\u00e1rios do prefeito e todos os demais ocupantes de cargos em comiss\u00e3o, dos diversos escal\u00f5es, mas alguns deles, os &#8216;cabe\u00e7as&#8217;, t\u00eam privil\u00e9gios que suprem a falta dos sal\u00e1rios e n\u00e3o se importam com o atraso.<\/p>\n<p>Vale salientar que, mesmo sem receberem seus sal\u00e1rios, a maioria desses servidores continua colaborando com a administra\u00e7\u00e3o, sob press\u00e3o, para n\u00e3o perderem seus empregos. Tecnicamente, trata-se de uma situa\u00e7\u00e3o <em>an\u00e1loga \u00e0 escravid\u00e3o<\/em>, que ningu\u00e9m se importa denunciar ou resolver.<\/p>\n<p><strong><em>Por Davi Ferraz\u00a0<\/em><\/strong><\/p>\n<p><img decoding=\"async\" class=\"aligncenter\" src=\"http:\/\/www.sudoestehoje.com.br\/novoportal\/wp-content\/uploads\/2014\/12\/skala-novo.jpg\" alt=\"skala novo\" \/><\/p>\n","protected":false},"excerpt":{"rendered":"<p>Um enorme contingente de servidores municipais contratados e nomeados pelo prefeito, est\u00e1 sem receber sal\u00e1rios h\u00e1 5 meses, estabelecendo um clima de revolta e indigna\u00e7\u00e3o contra a administra\u00e7\u00e3o municipal. Segundo informa\u00e7\u00f5es colhidas pelo Sudoeste Hoje, s\u00e3o mais de 500 servidores, espalhados nas secretarias de Educa\u00e7\u00e3o, Sa\u00fade, Urbanismo, Transportes, Comutran e outros \u00f3rg\u00e3os municipais, na sua [&hellip;]<\/p>\n","protected":false},"author":2,"featured_media":0,"comment_status":"open","ping_status":"open","sticky":false,"template":"","format":"standard","meta":{"footnotes":"","_links_to":"","_links_to_target":""},"categories":[1],"tags":[],"class_list":["post-53951","post","type-post","status-publish","format-standard","hentry","category-geral"],"views":1905,"_links":{"self":[{"href":"https:\/\/www.sudoestehoje.com.br\/novoportal\/wp-json\/wp\/v2\/posts\/53951","targetHints":{"allow":["GET"]}}],"collection":[{"href":"https:\/\/www.sudoestehoje.com.br\/novoportal\/wp-json\/wp\/v2\/posts"}],"about":[{"href":"https:\/\/www.sudoestehoje.com.br\/novoportal\/wp-json\/wp\/v2\/types\/post"}],"author":[{"embeddable":true,"href":"https:\/\/www.sudoestehoje.com.br\/novoportal\/wp-json\/wp\/v2\/users\/2"}],"replies":[{"embeddable":true,"href":"https:\/\/www.sudoestehoje.com.br\/novoportal\/wp-json\/wp\/v2\/comments?post=53951"}],"version-history":[{"count":4,"href":"https:\/\/www.sudoestehoje.com.br\/novoportal\/wp-json\/wp\/v2\/posts\/53951\/revisions"}],"predecessor-version":[{"id":53956,"href":"https:\/\/www.sudoestehoje.com.br\/novoportal\/wp-json\/wp\/v2\/posts\/53951\/revisions\/53956"}],"wp:attachment":[{"href":"https:\/\/www.sudoestehoje.com.br\/novoportal\/wp-json\/wp\/v2\/media?parent=53951"}],"wp:term":[{"taxonomy":"category","embeddable":true,"href":"https:\/\/www.sudoestehoje.com.br\/novoportal\/wp-json\/wp\/v2\/categories?post=53951"},{"taxonomy":"post_tag","embeddable":true,"href":"https:\/\/www.sudoestehoje.com.br\/novoportal\/wp-json\/wp\/v2\/tags?post=53951"}],"curies":[{"name":"wp","href":"https:\/\/api.w.org\/{rel}","templated":true}]}}