
{"id":5395,"date":"2011-06-03T09:19:17","date_gmt":"2011-06-03T12:19:17","guid":{"rendered":"http:\/\/www.sudoestehoje.com.br\/novoportal\/?p=5395"},"modified":"2011-06-03T09:19:17","modified_gmt":"2011-06-03T12:19:17","slug":"palocci-na-marca-do-penalti","status":"publish","type":"post","link":"https:\/\/www.sudoestehoje.com.br\/novoportal\/2011\/06\/03\/palocci-na-marca-do-penalti\/","title":{"rendered":"PALOCCI: NA MARCA DO P\u00caNALTI"},"content":{"rendered":"<p style=\"text-align: center;\"><img loading=\"lazy\" decoding=\"async\" src=\"http:\/\/1.bp.blogspot.com\/_yaBhX3xZN9Y\/TDfWmiUpNCI\/AAAAAAAAATo\/wT-1rJDbvmQ\/s1600\/NA+MARCA+DO+PENALTI.JPG\" alt=\"\" width=\"507\" height=\"358\" \/><\/p>\n<p>\u00a0<\/p>\n<p><em><strong>Por CARLOS CHAGAS<\/strong><\/em><\/p>\n<p>A sucess\u00e3o de epis\u00f3dios,\u00a0\u00a0esta semana, relacionados com\u00a0\u00a0Ant\u00f4nio Palocci, leva a crer um desfecho pr\u00f3ximo\u00a0\u00a0para a\u00a0\u00a0crise eclodida a partir das informa\u00e7\u00f5es sobre o s\u00fabito enriquecimento do chefe da Casa\u00a0\u00a0Civil.\u00a0\u00a0Tudo indicava, ontem, que Palocci dificilmente\u00a0\u00a0entrar\u00e1 a pr\u00f3xima semana como ministro do governo Dilma. Est\u00e1 na marca do p\u00eanalti, ainda que a experi\u00eancia demonstre a hip\u00f3tese de o goleiro defender\u00a0\u00a0ou de a bola ir para fora. A d\u00favida \u00e9 saber quem bater\u00e1 a falta. Pode ser o Procurador Geral da Rep\u00fablica, Roberto Gurgel, pedindo ao Supremo Tribunal Federal\u00a0\u00a0a abertura de inqu\u00e9rito contra o ministro, pode ser a pr\u00f3pria presidente da Rep\u00fablica,\u00a0\u00a0exigindo seu afastamento, mas o mais prov\u00e1vel \u00e9 que o pr\u00f3prio Palocci tome a iniciativa\u00a0\u00a0de abandonar a meta.<\/p>\n<p>Do jeito que est\u00e3o \u00e9 que as coisas n\u00e3o poder\u00e3o continuar. Sen\u00e3o o pa\u00eds, ao menos o governo parou, bastando registrar a dificuldade que tiveram os jornais para manter na primeira p\u00e1gina o notici\u00e1rio sobre o lan\u00e7amento do plano \u201cBrasil Sem Mis\u00e9ria\u201d.\u00a0\u00a0Tudo gira em torno do caso Palocci,\u00a0\u00a0com direito \u00e0\u00a0\u00a0chantagem desenvolvida por grupos parlamentares contra o governo,\u00a0\u00a0a leni\u00eancia da base oficial em evitar sua convoca\u00e7\u00e3o,\u00a0\u00a0a divis\u00e3o no PT a respeito da quest\u00e3o, a vigarice do PMDB em exigir mais espa\u00e7os na administra\u00e7\u00e3o federal para depois\u00a0\u00a0\u00a0definir-se, a crescente influ\u00eancia do vice-presidente Michel Temer na quest\u00e3o e at\u00e9 os conselhos dados pelo ex-presidente Lula para que o chefe da Casa Civil se explique.<\/p>\n<p>Virou praxe a hesita\u00e7\u00e3o dos governos dos companheiros ao\u00a0\u00a0enfrentar crises. Lula perdeu tempo no afastamento do pr\u00f3prio Palocci do minist\u00e9rio da Fazenda, no epis\u00f3dio do caseiro, depois ao n\u00e3o aceitar a evid\u00eancia do\u00a0\u00a0mensal\u00e3o\u00a0\u00a0e na demiss\u00e3o de Jos\u00e9 Dirceu da chefia da Casa Civil.\u00a0\u00a0Dilma segue pelo mesmo caminho, perdendo tempo. \u00c9 tolice supor que o\u00a0\u00a0governo dela acabou e que o Lula j\u00e1 \u00e9 o candidato para 2014, mas,\u00a0\u00a0continuando o processo\u00a0\u00a0\u00a0como vai, n\u00e3o demora para as suposi\u00e7\u00f5es virarem realidade.<\/p>\n<p><em><strong>Blog do Claudio Humberto<br \/>\n<\/strong><\/em><\/p>\n","protected":false},"excerpt":{"rendered":"<p>\u00a0 Por CARLOS CHAGAS A sucess\u00e3o de epis\u00f3dios,\u00a0\u00a0esta semana, relacionados com\u00a0\u00a0Ant\u00f4nio Palocci, leva a crer um desfecho pr\u00f3ximo\u00a0\u00a0para a\u00a0\u00a0crise eclodida a partir das informa\u00e7\u00f5es sobre o s\u00fabito enriquecimento do chefe da Casa\u00a0\u00a0Civil.\u00a0\u00a0Tudo indicava, ontem, que Palocci dificilmente\u00a0\u00a0entrar\u00e1 a pr\u00f3xima semana como ministro do governo Dilma. Est\u00e1 na marca do p\u00eanalti, ainda que a experi\u00eancia demonstre [&hellip;]<\/p>\n","protected":false},"author":2,"featured_media":0,"comment_status":"open","ping_status":"open","sticky":false,"template":"","format":"standard","meta":{"footnotes":"","_links_to":"","_links_to_target":""},"categories":[1],"tags":[],"class_list":["post-5395","post","type-post","status-publish","format-standard","hentry","category-geral"],"views":1374,"_links":{"self":[{"href":"https:\/\/www.sudoestehoje.com.br\/novoportal\/wp-json\/wp\/v2\/posts\/5395","targetHints":{"allow":["GET"]}}],"collection":[{"href":"https:\/\/www.sudoestehoje.com.br\/novoportal\/wp-json\/wp\/v2\/posts"}],"about":[{"href":"https:\/\/www.sudoestehoje.com.br\/novoportal\/wp-json\/wp\/v2\/types\/post"}],"author":[{"embeddable":true,"href":"https:\/\/www.sudoestehoje.com.br\/novoportal\/wp-json\/wp\/v2\/users\/2"}],"replies":[{"embeddable":true,"href":"https:\/\/www.sudoestehoje.com.br\/novoportal\/wp-json\/wp\/v2\/comments?post=5395"}],"version-history":[{"count":2,"href":"https:\/\/www.sudoestehoje.com.br\/novoportal\/wp-json\/wp\/v2\/posts\/5395\/revisions"}],"predecessor-version":[{"id":5397,"href":"https:\/\/www.sudoestehoje.com.br\/novoportal\/wp-json\/wp\/v2\/posts\/5395\/revisions\/5397"}],"wp:attachment":[{"href":"https:\/\/www.sudoestehoje.com.br\/novoportal\/wp-json\/wp\/v2\/media?parent=5395"}],"wp:term":[{"taxonomy":"category","embeddable":true,"href":"https:\/\/www.sudoestehoje.com.br\/novoportal\/wp-json\/wp\/v2\/categories?post=5395"},{"taxonomy":"post_tag","embeddable":true,"href":"https:\/\/www.sudoestehoje.com.br\/novoportal\/wp-json\/wp\/v2\/tags?post=5395"}],"curies":[{"name":"wp","href":"https:\/\/api.w.org\/{rel}","templated":true}]}}