
{"id":53925,"date":"2015-12-02T19:26:22","date_gmt":"2015-12-02T22:26:22","guid":{"rendered":"http:\/\/www.sudoestehoje.com.br\/novoportal\/?p=53925"},"modified":"2015-12-02T19:26:44","modified_gmt":"2015-12-02T22:26:44","slug":"pe-frio-inaugurada-por-ze-carlos-farmacia-santana-fecha-as-portas-em-itapetinga","status":"publish","type":"post","link":"https:\/\/www.sudoestehoje.com.br\/novoportal\/2015\/12\/02\/pe-frio-inaugurada-por-ze-carlos-farmacia-santana-fecha-as-portas-em-itapetinga\/","title":{"rendered":"P\u00c9 FRIO: INAUGURADA POR Z\u00c9 CARLOS, FARM\u00c1CIA SANTANA FECHA AS PORTAS EM ITAPETINGA"},"content":{"rendered":"<p><a href=\"http:\/\/www.sudoestehoje.com.br\/novoportal\/wp-content\/uploads\/2015\/12\/Z\u00e9-Farm\u00e1cia.jpg\"><img loading=\"lazy\" decoding=\"async\" class=\"aligncenter size-medium wp-image-53926\" src=\"http:\/\/www.sudoestehoje.com.br\/novoportal\/wp-content\/uploads\/2015\/12\/Z\u00e9-Farm\u00e1cia-500x333.jpg\" alt=\"Z\u00e9-Farm\u00e1cia\" width=\"500\" height=\"333\" srcset=\"https:\/\/www.sudoestehoje.com.br\/novoportal\/wp-content\/uploads\/2015\/12\/Z\u00e9-Farm\u00e1cia-500x333.jpg 500w, https:\/\/www.sudoestehoje.com.br\/novoportal\/wp-content\/uploads\/2015\/12\/Z\u00e9-Farm\u00e1cia-700x467.jpg 700w, https:\/\/www.sudoestehoje.com.br\/novoportal\/wp-content\/uploads\/2015\/12\/Z\u00e9-Farm\u00e1cia.jpg 960w\" sizes=\"auto, (max-width: 500px) 100vw, 500px\" \/><\/a><\/p>\n<p>Inaugurada h\u00e1 pouco mais de dois anos, com muita pompa \u00a0e a presen\u00e7a do prefeito e alguns membros da sua equipe, a filial da Farm\u00e1cia Santana em Itapetinga acabou fechando as portas, nesta quarta-feira (02), desempregando cerca de 20 funcion\u00e1rios. A crise econ\u00f4mica teria sido um dos motivos do fechamento da farm\u00e1cia, mas um outro motivo j\u00e1 \u00e9 levado em considera\u00e7\u00e3o, pela popula\u00e7\u00e3o.<\/p>\n<p><a href=\"http:\/\/www.sudoestehoje.com.br\/novoportal\/wp-content\/uploads\/2015\/12\/FARM\u00c1CIA-SANTNA.jpg\"><img loading=\"lazy\" decoding=\"async\" class=\"aligncenter size-medium wp-image-53927\" src=\"http:\/\/www.sudoestehoje.com.br\/novoportal\/wp-content\/uploads\/2015\/12\/FARM\u00c1CIA-SANTNA-500x375.jpg\" alt=\"FARM\u00c1CIA-SANTNA\" width=\"500\" height=\"375\" srcset=\"https:\/\/www.sudoestehoje.com.br\/novoportal\/wp-content\/uploads\/2015\/12\/FARM\u00c1CIA-SANTNA-500x375.jpg 500w, https:\/\/www.sudoestehoje.com.br\/novoportal\/wp-content\/uploads\/2015\/12\/FARM\u00c1CIA-SANTNA-700x525.jpg 700w, https:\/\/www.sudoestehoje.com.br\/novoportal\/wp-content\/uploads\/2015\/12\/FARM\u00c1CIA-SANTNA.jpg 960w\" sizes=\"auto, (max-width: 500px) 100vw, 500px\" \/><\/a><\/p>\n<p>Segundo alguns &#8216;especialistas&#8217; no ramo da <em>&#8216;urucubaca<\/em>&#8216;, o problema da Farm\u00e1cia Santana em Itapetinga foi mesmo a<em> &#8220;inhaca&#8221;<\/em> do prefeito e sua equipe, que carregam nas costas o <em>&#8220;carma&#8221;<\/em> de terem acabado com com tudo o que tocaram, a exemplo da Matinha, do projeto de despolui\u00e7\u00e3o do Rio Catol\u00e9, que agora virou uma invas\u00e3o, e por a\u00ed vai.<\/p>\n<p>Pelo sim, pelo n\u00e3o, alguns empres\u00e1rios j\u00e1 est\u00e3o colocando as barbas de molho, evitando convidar o<em> &#8216;p\u00e9-frio municipal&#8217;<\/em> para futuras inaugura\u00e7\u00f5es, por &#8216;descarrego de consci\u00eancia&#8217;. Dizem que o cara \u00e9 caix\u00e3o e vela preta&#8230;<\/p>\n<p><strong><em>Por Davi Ferraz\u00a0<\/em><\/strong><\/p>\n<p><a href=\"http:\/\/www.sudoestehoje.com.br\/novoportal\/wp-content\/uploads\/2015\/12\/NATAL-SUPERMODA.jpg\"><img loading=\"lazy\" decoding=\"async\" class=\"aligncenter size-medium wp-image-53929\" src=\"http:\/\/www.sudoestehoje.com.br\/novoportal\/wp-content\/uploads\/2015\/12\/NATAL-SUPERMODA-500x167.jpg\" alt=\"NATAL SUPERMODA\" width=\"500\" height=\"167\" srcset=\"https:\/\/www.sudoestehoje.com.br\/novoportal\/wp-content\/uploads\/2015\/12\/NATAL-SUPERMODA-500x167.jpg 500w, https:\/\/www.sudoestehoje.com.br\/novoportal\/wp-content\/uploads\/2015\/12\/NATAL-SUPERMODA.jpg 600w\" sizes=\"auto, (max-width: 500px) 100vw, 500px\" \/><\/a><\/p>\n","protected":false},"excerpt":{"rendered":"<p>Inaugurada h\u00e1 pouco mais de dois anos, com muita pompa \u00a0e a presen\u00e7a do prefeito e alguns membros da sua equipe, a filial da Farm\u00e1cia Santana em Itapetinga acabou fechando as portas, nesta quarta-feira (02), desempregando cerca de 20 funcion\u00e1rios. A crise econ\u00f4mica teria sido um dos motivos do fechamento da farm\u00e1cia, mas um outro [&hellip;]<\/p>\n","protected":false},"author":2,"featured_media":0,"comment_status":"open","ping_status":"open","sticky":false,"template":"","format":"standard","meta":{"footnotes":"","_links_to":"","_links_to_target":""},"categories":[1],"tags":[],"class_list":["post-53925","post","type-post","status-publish","format-standard","hentry","category-geral"],"views":2427,"_links":{"self":[{"href":"https:\/\/www.sudoestehoje.com.br\/novoportal\/wp-json\/wp\/v2\/posts\/53925","targetHints":{"allow":["GET"]}}],"collection":[{"href":"https:\/\/www.sudoestehoje.com.br\/novoportal\/wp-json\/wp\/v2\/posts"}],"about":[{"href":"https:\/\/www.sudoestehoje.com.br\/novoportal\/wp-json\/wp\/v2\/types\/post"}],"author":[{"embeddable":true,"href":"https:\/\/www.sudoestehoje.com.br\/novoportal\/wp-json\/wp\/v2\/users\/2"}],"replies":[{"embeddable":true,"href":"https:\/\/www.sudoestehoje.com.br\/novoportal\/wp-json\/wp\/v2\/comments?post=53925"}],"version-history":[{"count":5,"href":"https:\/\/www.sudoestehoje.com.br\/novoportal\/wp-json\/wp\/v2\/posts\/53925\/revisions"}],"predecessor-version":[{"id":53938,"href":"https:\/\/www.sudoestehoje.com.br\/novoportal\/wp-json\/wp\/v2\/posts\/53925\/revisions\/53938"}],"wp:attachment":[{"href":"https:\/\/www.sudoestehoje.com.br\/novoportal\/wp-json\/wp\/v2\/media?parent=53925"}],"wp:term":[{"taxonomy":"category","embeddable":true,"href":"https:\/\/www.sudoestehoje.com.br\/novoportal\/wp-json\/wp\/v2\/categories?post=53925"},{"taxonomy":"post_tag","embeddable":true,"href":"https:\/\/www.sudoestehoje.com.br\/novoportal\/wp-json\/wp\/v2\/tags?post=53925"}],"curies":[{"name":"wp","href":"https:\/\/api.w.org\/{rel}","templated":true}]}}