
{"id":53905,"date":"2015-12-01T22:26:15","date_gmt":"2015-12-02T01:26:15","guid":{"rendered":"http:\/\/www.sudoestehoje.com.br\/novoportal\/?p=53905"},"modified":"2015-12-01T22:26:15","modified_gmt":"2015-12-02T01:26:15","slug":"jequie-camara-aprova-abertura-de-impeachment-da-prefeita-tania-brito","status":"publish","type":"post","link":"https:\/\/www.sudoestehoje.com.br\/novoportal\/2015\/12\/01\/jequie-camara-aprova-abertura-de-impeachment-da-prefeita-tania-brito\/","title":{"rendered":"JEQUI\u00c9: C\u00c2MARA APROVA ABERTURA DE IMPEACHMENT DA PREFEITA T\u00c2NIA BRITO"},"content":{"rendered":"<p><a href=\"http:\/\/www.sudoestehoje.com.br\/novoportal\/wp-content\/uploads\/2015\/12\/TANIA.jpg\"><img loading=\"lazy\" decoding=\"async\" class=\"aligncenter  wp-image-53906\" src=\"http:\/\/www.sudoestehoje.com.br\/novoportal\/wp-content\/uploads\/2015\/12\/TANIA.jpg\" alt=\"TANIA\" width=\"501\" height=\"333\" \/><\/a><\/p>\n<p>Na noite desta ter\u00e7a-feira (01\/12), os vereadores de Jequi\u00e9 aprovaram por unanimidade o pedido de impeachment da prefeita T\u00e2nia Britto, do PP, apresentando por um cidad\u00e3o de nome Rafael Pereira dos Santos.<\/p>\n<p>Logo em seguida, criou-se uma Comiss\u00e3o formada pelos vereadores Tinho (PV), Chico de Alfredo (PDT) e Beto de Lal\u00e1 (PSB), sorteados na sess\u00e3o. Eles ter\u00e3o um prazo de at\u00e9 90 dias para apresentarem um parecer sobre as den\u00fancias, muitas fundamentadas na m\u00e1 gest\u00e3o da Educa\u00e7\u00e3o, feitas pelo MP na semana passada.<\/p>\n<p><a href=\"http:\/\/www.sudoestehoje.com.br\/novoportal\/wp-content\/uploads\/2015\/12\/CAM.jpg\"><img loading=\"lazy\" decoding=\"async\" class=\"aligncenter  wp-image-53907\" src=\"http:\/\/www.sudoestehoje.com.br\/novoportal\/wp-content\/uploads\/2015\/12\/CAM.jpg\" alt=\"CAM\" width=\"501\" height=\"376\" \/><\/a><\/p>\n<p>Ap\u00f3s esta etapa, da investiga\u00e7\u00e3o e an\u00e1lise, os vereadores votar\u00e3o o parecer da Comiss\u00e3o, se posicionado de forma favor\u00e1vel ou contraria \u00e0 cassa\u00e7\u00e3o. Apesar dessa tramita\u00e7\u00e3o do processo, j\u00e1 h\u00e1 entre os vereadores um forte posicionamento a favor do afastamento de T\u00e2nia e pela posse do substituto legal, o vice-prefeito S\u00e9rgio da Gameleira, eleito pelo PT, mas agora filiado ao PSB.<\/p>\n<p><img decoding=\"async\" class=\"aligncenter\" src=\"http:\/\/www.sudoestehoje.com.br\/novoportal\/wp-content\/uploads\/2015\/10\/SERVLAR-BANNER-500x178.jpg\" alt=\"SERVLAR BANNER\" \/><\/p>\n","protected":false},"excerpt":{"rendered":"<p>Na noite desta ter\u00e7a-feira (01\/12), os vereadores de Jequi\u00e9 aprovaram por unanimidade o pedido de impeachment da prefeita T\u00e2nia Britto, do PP, apresentando por um cidad\u00e3o de nome Rafael Pereira dos Santos. Logo em seguida, criou-se uma Comiss\u00e3o formada pelos vereadores Tinho (PV), Chico de Alfredo (PDT) e Beto de Lal\u00e1 (PSB), sorteados na sess\u00e3o. [&hellip;]<\/p>\n","protected":false},"author":2,"featured_media":0,"comment_status":"open","ping_status":"open","sticky":false,"template":"","format":"standard","meta":{"footnotes":"","_links_to":"","_links_to_target":""},"categories":[1],"tags":[],"class_list":["post-53905","post","type-post","status-publish","format-standard","hentry","category-geral"],"views":1752,"_links":{"self":[{"href":"https:\/\/www.sudoestehoje.com.br\/novoportal\/wp-json\/wp\/v2\/posts\/53905","targetHints":{"allow":["GET"]}}],"collection":[{"href":"https:\/\/www.sudoestehoje.com.br\/novoportal\/wp-json\/wp\/v2\/posts"}],"about":[{"href":"https:\/\/www.sudoestehoje.com.br\/novoportal\/wp-json\/wp\/v2\/types\/post"}],"author":[{"embeddable":true,"href":"https:\/\/www.sudoestehoje.com.br\/novoportal\/wp-json\/wp\/v2\/users\/2"}],"replies":[{"embeddable":true,"href":"https:\/\/www.sudoestehoje.com.br\/novoportal\/wp-json\/wp\/v2\/comments?post=53905"}],"version-history":[{"count":2,"href":"https:\/\/www.sudoestehoje.com.br\/novoportal\/wp-json\/wp\/v2\/posts\/53905\/revisions"}],"predecessor-version":[{"id":53909,"href":"https:\/\/www.sudoestehoje.com.br\/novoportal\/wp-json\/wp\/v2\/posts\/53905\/revisions\/53909"}],"wp:attachment":[{"href":"https:\/\/www.sudoestehoje.com.br\/novoportal\/wp-json\/wp\/v2\/media?parent=53905"}],"wp:term":[{"taxonomy":"category","embeddable":true,"href":"https:\/\/www.sudoestehoje.com.br\/novoportal\/wp-json\/wp\/v2\/categories?post=53905"},{"taxonomy":"post_tag","embeddable":true,"href":"https:\/\/www.sudoestehoje.com.br\/novoportal\/wp-json\/wp\/v2\/tags?post=53905"}],"curies":[{"name":"wp","href":"https:\/\/api.w.org\/{rel}","templated":true}]}}