
{"id":5390,"date":"2011-06-02T08:54:59","date_gmt":"2011-06-02T11:54:59","guid":{"rendered":"http:\/\/www.sudoestehoje.com.br\/novoportal\/?p=5390"},"modified":"2011-06-02T08:54:59","modified_gmt":"2011-06-02T11:54:59","slug":"dilma-e-lula-querem-que-palocci-explique-o-seu-milagre-da-multiplicacao","status":"publish","type":"post","link":"https:\/\/www.sudoestehoje.com.br\/novoportal\/2011\/06\/02\/dilma-e-lula-querem-que-palocci-explique-o-seu-milagre-da-multiplicacao\/","title":{"rendered":"DILMA E LULA QUEREM QUE PALOCCI EXPLIQUE O SEU &#8216;MILAGRE DA MULTIPLICA\u00c7\u00c3O&#8217;"},"content":{"rendered":"<p style=\"text-align: center;\"><img loading=\"lazy\" decoding=\"async\" src=\"http:\/\/www.bahianoticias.com.br\/fotos\/editor\/Image\/380X280\/Palloci_mao_na_cabe%C3%A7a.jpg\" alt=\"\" width=\"350\" height=\"258\" \/><\/p>\n<p style=\"text-align: center;\"><em><strong>Palocci deve cair a qualquer momento<\/strong><\/em><\/p>\n<p>\u00a0<\/p>\n<p>O PT colocou o ministro da Casa Civil, Ant\u00f4nio Palocci, na parede para que explique \u00e0 popula\u00e7\u00e3o como seu patrim\u00f4nio multiplicou 20 vezes nos \u00faltimos quatro anos. Segundo mat\u00e9ria do jornal Folha de S. Paulo, o ex-presidente Lula cobrou do colega petista uma auto-defesa p\u00fablica para p\u00f4r fim \u00e0 crise pol\u00edtica, cobran\u00e7a que foi endossada pela presidente Dilma Rousseff. At\u00e9 ent\u00e3o, Palocci estudava falar somente depois do pronunciamento do procurador-geral da Rep\u00fablica, Roberto Gurgel, que analisa um pedido de abertura de investiga\u00e7\u00e3o requerido pela oposi\u00e7\u00e3o.<\/p>\n<p>Agora, ele deve se antecipar e acabar o sil\u00eancio e falar, principalmente, do caso relatado pelo senador Eduardo Suplicy (PT-SP), de que Palocci teria dito que havia ganhado R$ 1 milh\u00e3o assessorando um processo de fus\u00e3o de empresas no setor privado. Esta opera\u00e7\u00e3o teria envolvido \u00f3rg\u00e3os p\u00fablicos. &#8220;N\u00e3o se trata de abandonar Palocci. O problema \u00e9 que o caso \u00e9 uma coisa t\u00edpica dele. Ele n\u00e3o falou, n\u00e3o nos disse nada. O que n\u00e3o d\u00e1 \u00e9 parar o PT e o governo. Por que o b\u00f4nus \u00e9 dele e o \u00f4nus \u00e9 nosso?&#8221;, reclamou o senador Walter Pinheiro (PT), em entrevista ao\u00a0A Tarde.<\/p>\n","protected":false},"excerpt":{"rendered":"<p>Palocci deve cair a qualquer momento \u00a0 O PT colocou o ministro da Casa Civil, Ant\u00f4nio Palocci, na parede para que explique \u00e0 popula\u00e7\u00e3o como seu patrim\u00f4nio multiplicou 20 vezes nos \u00faltimos quatro anos. Segundo mat\u00e9ria do jornal Folha de S. Paulo, o ex-presidente Lula cobrou do colega petista uma auto-defesa p\u00fablica para p\u00f4r fim [&hellip;]<\/p>\n","protected":false},"author":2,"featured_media":0,"comment_status":"open","ping_status":"open","sticky":false,"template":"","format":"standard","meta":{"footnotes":"","_links_to":"","_links_to_target":""},"categories":[1],"tags":[],"class_list":["post-5390","post","type-post","status-publish","format-standard","hentry","category-geral"],"views":1291,"_links":{"self":[{"href":"https:\/\/www.sudoestehoje.com.br\/novoportal\/wp-json\/wp\/v2\/posts\/5390","targetHints":{"allow":["GET"]}}],"collection":[{"href":"https:\/\/www.sudoestehoje.com.br\/novoportal\/wp-json\/wp\/v2\/posts"}],"about":[{"href":"https:\/\/www.sudoestehoje.com.br\/novoportal\/wp-json\/wp\/v2\/types\/post"}],"author":[{"embeddable":true,"href":"https:\/\/www.sudoestehoje.com.br\/novoportal\/wp-json\/wp\/v2\/users\/2"}],"replies":[{"embeddable":true,"href":"https:\/\/www.sudoestehoje.com.br\/novoportal\/wp-json\/wp\/v2\/comments?post=5390"}],"version-history":[{"count":4,"href":"https:\/\/www.sudoestehoje.com.br\/novoportal\/wp-json\/wp\/v2\/posts\/5390\/revisions"}],"predecessor-version":[{"id":5394,"href":"https:\/\/www.sudoestehoje.com.br\/novoportal\/wp-json\/wp\/v2\/posts\/5390\/revisions\/5394"}],"wp:attachment":[{"href":"https:\/\/www.sudoestehoje.com.br\/novoportal\/wp-json\/wp\/v2\/media?parent=5390"}],"wp:term":[{"taxonomy":"category","embeddable":true,"href":"https:\/\/www.sudoestehoje.com.br\/novoportal\/wp-json\/wp\/v2\/categories?post=5390"},{"taxonomy":"post_tag","embeddable":true,"href":"https:\/\/www.sudoestehoje.com.br\/novoportal\/wp-json\/wp\/v2\/tags?post=5390"}],"curies":[{"name":"wp","href":"https:\/\/api.w.org\/{rel}","templated":true}]}}