
{"id":53898,"date":"2015-12-01T18:44:33","date_gmt":"2015-12-01T21:44:33","guid":{"rendered":"http:\/\/www.sudoestehoje.com.br\/novoportal\/?p=53898"},"modified":"2015-12-01T18:57:03","modified_gmt":"2015-12-01T21:57:03","slug":"procuradoria-eleitoral-pede-cassacao-de-romildo-teixeira-e-mais-42-vereadores-infieis","status":"publish","type":"post","link":"https:\/\/www.sudoestehoje.com.br\/novoportal\/2015\/12\/01\/procuradoria-eleitoral-pede-cassacao-de-romildo-teixeira-e-mais-42-vereadores-infieis\/","title":{"rendered":"PROCURADORIA ELEITORAL PEDE CASSA\u00c7\u00c3O DE ROMILDO TEIXEIRA E MAIS 42 VEREADORES INFI\u00c9IS"},"content":{"rendered":"<p><a href=\"http:\/\/www.sudoestehoje.com.br\/novoportal\/wp-content\/uploads\/2015\/12\/Romildo.jpg\"><img loading=\"lazy\" decoding=\"async\" class=\"  wp-image-53899 alignleft\" src=\"http:\/\/www.sudoestehoje.com.br\/novoportal\/wp-content\/uploads\/2015\/12\/Romildo.jpg\" alt=\"Romildo\" width=\"119\" height=\"166\" \/><\/a><\/p>\n<p>De acordo com o blog Pimenta, a Procuradoria Regional Eleitoral na Bahia (PRE\/BA) prop\u00f4s 43 a\u00e7\u00f5es de decreta\u00e7\u00e3o de perda de cargo eletivo, entre julho e novembro deste ano, contra pol\u00edticos que pediram desfilia\u00e7\u00e3o dos partidos em que foram eleitos sem comprovarem justa causa.<\/p>\n<p>Entre os acionados pela PRE, est\u00e1 o suplente de vereador Romildo Teixeira, que deixou o PDT para se filiar ao PSL, partido pelo qual chegou a assumir o mandato por apenas um m\u00eas, em substitui\u00e7\u00e3o \u00e0 vereadora Nidia Oliveira (PDT), numa jogada obscura articulada pelo presidente do PDT, Hild\u00e9rico Nogueira, o famoso &#8220;Tiquinho&#8221;. Dessa, Romildo escapa ileso, pois j\u00e1 foi cassado pelas urnas em 2012.<\/p>\n<p>Confira a lista da trairagem:<!--more--><\/p>\n<table>\n<colgroup>\n<col width=\"221\" \/>\n<col width=\"98\" \/>\n<col width=\"204\" \/><\/colgroup>\n<tbody>\n<tr id=\"ext-gen1870\">\n<td id=\"ext-gen1863\">\n<p class=\"western\" align=\"CENTER\"><b>Nome<\/b><\/p>\n<p class=\"western\">Abel Silva dos Santos<\/p>\n<p class=\"western\">Abmael Ferreira da Cruz<\/p>\n<p class=\"western\">Adelaide Batista Rocha<\/p>\n<p id=\"ext-gen1871\" class=\"western\">Alexandro Barreto dos Santos<\/p>\n<p class=\"western\">Ant\u00f4nio Augusto de Jesus<\/p>\n<p class=\"western\">Antonio Noelio Libanio<\/p>\n<p id=\"ext-gen1874\" class=\"western\">Atan\u00e1zio J\u00falio dos Santos<\/p>\n<p id=\"ext-gen1873\" class=\"western\">Br\u00e1ulio Sampaio P. de Oliveira<\/p>\n<p id=\"ext-gen1872\" class=\"western\">Carlos Geovan Rios de Ara\u00fajo<\/p>\n<p class=\"western\">Cristina Virg\u00ednia R. Ara\u00fajo<\/p>\n<p class=\"western\">Domingos Alves Moreira<\/p>\n<p class=\"western\">Edilson Ferreira C. Junior<\/p>\n<p class=\"western\">Edivaldo Moreira de Melo<\/p>\n<p class=\"western\">Edvan Matos Soares<\/p>\n<p class=\"western\">Erilberto Lima<\/p>\n<p class=\"western\">Fabiano de Lima<\/p>\n<p class=\"western\">Francisco de Assis Carneiro<\/p>\n<p class=\"western\">Francisco Isaias dos Santos<\/p>\n<p class=\"western\">Hailton Ara\u00fajo da Silva<\/p>\n<p class=\"western\">Janu\u00e1rio Ferreira Brand\u00e3o<\/p>\n<p class=\"western\">Jaques Douglas<\/p>\n<p class=\"western\">Jessoniel Santos da Silva<\/p>\n<p class=\"western\">Jorge Lu\u00eds Moura Nunes<\/p>\n<p class=\"western\">Jos\u00e9 Celso F\u00e9lix de Castro<\/p>\n<p class=\"western\">Jos\u00e9 M\u00e1rio de Jesus<\/p>\n<p class=\"western\">Jos\u00e9 Nunes Viana<\/p>\n<p class=\"western\">Joseval Rob\u00e9rio Vieira Santos<\/p>\n<p class=\"western\">Julio C\u00e9sar de Jesus Pinho<\/p>\n<p class=\"western\">Julio da Silveira Reis Junior<\/p>\n<p id=\"ext-gen1868\" class=\"western\">Jurandy Amorim Fontes<\/p>\n<p id=\"ext-gen1869\" class=\"western\">Lauro de Coni e Moura Junior<\/p>\n<p class=\"western\">Marcelo Ricardo Sales Rabelo<\/p>\n<p id=\"ext-gen1867\" class=\"western\">Marcos Vieira Marques<\/p>\n<p id=\"ext-gen1866\" class=\"western\">Mariz\u00e2ngela F. Lima Almeida<\/p>\n<p id=\"ext-gen1865\" class=\"western\">Mauriso Ferreira Amorim<\/p>\n<p id=\"ext-gen1864\" class=\"western\">Nelito Lima Costa<\/p>\n<p id=\"ext-gen1862\" class=\"western\">Paulo C\u00e9zar Reis Leite<\/p>\n<p class=\"western\">Paulo S\u00e9rgio Batista de Jesus<\/p>\n<p class=\"western\">Raimundo Anuncia\u00e7\u00e3o Santos<\/p>\n<p class=\"western\">Rita de C\u00e1ssia Reis Carvalho<\/p>\n<p class=\"western\"><strong>Romildo Teixeira Santos<\/strong><\/p>\n<p class=\"western\">Toni Cl\u00e9cio Alves Ferreira<\/p>\n<p class=\"western\">Valdir Moreira Gon\u00e7alves<\/p>\n<\/td>\n<td id=\"ext-gen1835\">\n<p class=\"western\" align=\"CENTER\"><b>Cargo<\/b><\/p>\n<p class=\"western\" align=\"CENTER\">Vereador<\/p>\n<p class=\"western\" align=\"CENTER\">Vereador<\/p>\n<p id=\"ext-gen1836\" class=\"western\" align=\"CENTER\">Vereador<\/p>\n<p id=\"ext-gen1837\" class=\"western\" align=\"CENTER\">Vereador<\/p>\n<p class=\"western\" align=\"CENTER\">Vereadora<\/p>\n<p class=\"western\" align=\"CENTER\">Vereador<\/p>\n<p class=\"western\" align=\"CENTER\">Vereador<\/p>\n<p class=\"western\" align=\"CENTER\">Vereador<\/p>\n<p class=\"western\" align=\"CENTER\">Vereador<\/p>\n<p class=\"western\" align=\"CENTER\">Vereador<\/p>\n<p class=\"western\" align=\"CENTER\">Vereador<\/p>\n<p class=\"western\" align=\"CENTER\">Vereador<\/p>\n<p class=\"western\" align=\"CENTER\">Vereador<\/p>\n<p id=\"ext-gen1839\" class=\"western\" align=\"CENTER\">Vereador<\/p>\n<p id=\"ext-gen1854\" class=\"western\" align=\"CENTER\">Vereador<\/p>\n<p class=\"western\" align=\"CENTER\">Vereador<\/p>\n<p class=\"western\" align=\"CENTER\">Vereador<\/p>\n<p id=\"ext-gen1840\" class=\"western\" align=\"CENTER\">Vereador<\/p>\n<p id=\"ext-gen1841\" class=\"western\" align=\"CENTER\">Vereador<\/p>\n<p class=\"western\" align=\"CENTER\">Vereador<\/p>\n<p class=\"western\" align=\"CENTER\">Vereador<\/p>\n<p class=\"western\" align=\"CENTER\">Vereador<\/p>\n<p id=\"ext-gen1842\" class=\"western\" align=\"CENTER\">Vereador<\/p>\n<p id=\"ext-gen1843\" class=\"western\" align=\"CENTER\">Vereador<\/p>\n<p id=\"ext-gen1844\" class=\"western\" align=\"CENTER\">Vereador<\/p>\n<p id=\"ext-gen1838\" class=\"western\" align=\"CENTER\">Vereador<\/p>\n<p class=\"western\" align=\"CENTER\">Vereador<\/p>\n<p class=\"western\" align=\"CENTER\">Vereador<\/p>\n<p id=\"ext-gen1845\" class=\"western\" align=\"CENTER\">Vereador<\/p>\n<p id=\"ext-gen1846\" class=\"western\" align=\"CENTER\">Vereador<\/p>\n<p class=\"western\" align=\"CENTER\">Vereador<\/p>\n<p id=\"ext-gen1848\" class=\"western\" align=\"CENTER\">Vereador<\/p>\n<p id=\"ext-gen1849\" class=\"western\" align=\"CENTER\">Vereador<\/p>\n<p id=\"ext-gen1847\" class=\"western\" align=\"CENTER\">Vereadora<\/p>\n<p class=\"western\" align=\"CENTER\">Vereador<\/p>\n<p class=\"western\" align=\"CENTER\">Vereador<\/p>\n<p class=\"western\" align=\"CENTER\">Vereador<\/p>\n<p id=\"ext-gen1850\" class=\"western\" align=\"CENTER\">Vereador<\/p>\n<p id=\"ext-gen1851\" class=\"western\" align=\"CENTER\">Vereador<\/p>\n<p class=\"western\" align=\"CENTER\">Vereadora<\/p>\n<p id=\"ext-gen1861\" class=\"western\" align=\"CENTER\"><strong>Vereador<\/strong><\/p>\n<p class=\"western\" align=\"CENTER\">Vereador<\/p>\n<p id=\"ext-gen1852\" class=\"western\" align=\"CENTER\">Vereador<\/p>\n<\/td>\n<td id=\"ext-gen1856\">\n<p class=\"western\" align=\"CENTER\"><b>Munic\u00edpio<\/b><\/p>\n<p class=\"western\">Cabaceira do Paraguassu<\/p>\n<p class=\"western\">Cardeal da Silva<\/p>\n<p class=\"western\">Am\u00e9lia Rodrigues<\/p>\n<p class=\"western\">Boa Vista do Tupim<\/p>\n<p class=\"western\">Cardeal da Silva<\/p>\n<p class=\"western\">Salvador<\/p>\n<p class=\"western\">Salvador<\/p>\n<p class=\"western\">Rio Real<\/p>\n<p class=\"western\">P\u00e9 de Serra<\/p>\n<p class=\"western\">Entre Rios<\/p>\n<p class=\"western\">Carinhanha<\/p>\n<p class=\"western\">P\u00e9 de Serra<\/p>\n<p id=\"ext-gen1857\" class=\"western\">Carinhanha<\/p>\n<p id=\"ext-gen1855\" class=\"western\">P\u00e9 de Serra<\/p>\n<p class=\"western\">Quixabeira<\/p>\n<p class=\"western\">Am\u00e9lia Rodrigues<\/p>\n<p class=\"western\">Candeal<\/p>\n<p class=\"western\">Livramento Nossa Senhora<\/p>\n<p class=\"western\">Ibicoara<\/p>\n<p class=\"western\">Cura\u00e7a<\/p>\n<p class=\"western\">Barra do Mendes<\/p>\n<p class=\"western\">Dias D\u2019\u00c1vila<\/p>\n<p class=\"western\">Tucano<\/p>\n<p class=\"western\">C\u00edcero Dantas<\/p>\n<p class=\"western\">Saubara<\/p>\n<p class=\"western\">Jaguaripe<\/p>\n<p class=\"western\">Candeal<\/p>\n<p class=\"western\">Santo Amaro<\/p>\n<p class=\"western\">Dias D\u2019\u00c1vila<\/p>\n<p class=\"western\">Am\u00e9lia Rodrigues<\/p>\n<p class=\"western\">S\u00e3o Felipe<\/p>\n<p class=\"western\">Paripiranga<\/p>\n<p class=\"western\">Jaguarari<\/p>\n<p class=\"western\">Candeal<\/p>\n<p class=\"western\">Conde\u00faba<\/p>\n<p class=\"western\">Mundo Novo<\/p>\n<p class=\"western\">Cachoeira<\/p>\n<p class=\"western\">Itapicuru<\/p>\n<p class=\"western\">Alagoinhas<\/p>\n<p class=\"western\">Cardeal da Silva<\/p>\n<p class=\"western\"><strong>Itapetinga<\/strong><\/p>\n<p id=\"ext-gen1860\" class=\"western\">Am\u00e9lia Rodrigues<\/p>\n<p id=\"ext-gen1859\" class=\"western\">Carinhanha<\/p>\n<\/td>\n<\/tr>\n<\/tbody>\n<\/table>\n<p><strong><em>Por Davi Ferraz<\/em><\/strong><\/p>\n","protected":false},"excerpt":{"rendered":"<p>De acordo com o blog Pimenta, a Procuradoria Regional Eleitoral na Bahia (PRE\/BA) prop\u00f4s 43 a\u00e7\u00f5es de decreta\u00e7\u00e3o de perda de cargo eletivo, entre julho e novembro deste ano, contra pol\u00edticos que pediram desfilia\u00e7\u00e3o dos partidos em que foram eleitos sem comprovarem justa causa. Entre os acionados pela PRE, est\u00e1 o suplente de vereador Romildo [&hellip;]<\/p>\n","protected":false},"author":2,"featured_media":0,"comment_status":"open","ping_status":"open","sticky":false,"template":"","format":"standard","meta":{"footnotes":"","_links_to":"","_links_to_target":""},"categories":[1],"tags":[],"class_list":["post-53898","post","type-post","status-publish","format-standard","hentry","category-geral"],"views":2789,"_links":{"self":[{"href":"https:\/\/www.sudoestehoje.com.br\/novoportal\/wp-json\/wp\/v2\/posts\/53898","targetHints":{"allow":["GET"]}}],"collection":[{"href":"https:\/\/www.sudoestehoje.com.br\/novoportal\/wp-json\/wp\/v2\/posts"}],"about":[{"href":"https:\/\/www.sudoestehoje.com.br\/novoportal\/wp-json\/wp\/v2\/types\/post"}],"author":[{"embeddable":true,"href":"https:\/\/www.sudoestehoje.com.br\/novoportal\/wp-json\/wp\/v2\/users\/2"}],"replies":[{"embeddable":true,"href":"https:\/\/www.sudoestehoje.com.br\/novoportal\/wp-json\/wp\/v2\/comments?post=53898"}],"version-history":[{"count":5,"href":"https:\/\/www.sudoestehoje.com.br\/novoportal\/wp-json\/wp\/v2\/posts\/53898\/revisions"}],"predecessor-version":[{"id":53904,"href":"https:\/\/www.sudoestehoje.com.br\/novoportal\/wp-json\/wp\/v2\/posts\/53898\/revisions\/53904"}],"wp:attachment":[{"href":"https:\/\/www.sudoestehoje.com.br\/novoportal\/wp-json\/wp\/v2\/media?parent=53898"}],"wp:term":[{"taxonomy":"category","embeddable":true,"href":"https:\/\/www.sudoestehoje.com.br\/novoportal\/wp-json\/wp\/v2\/categories?post=53898"},{"taxonomy":"post_tag","embeddable":true,"href":"https:\/\/www.sudoestehoje.com.br\/novoportal\/wp-json\/wp\/v2\/tags?post=53898"}],"curies":[{"name":"wp","href":"https:\/\/api.w.org\/{rel}","templated":true}]}}