
{"id":5386,"date":"2011-06-02T08:43:00","date_gmt":"2011-06-02T11:43:00","guid":{"rendered":"http:\/\/www.sudoestehoje.com.br\/novoportal\/?p=5386"},"modified":"2011-06-02T08:43:00","modified_gmt":"2011-06-02T11:43:00","slug":"policiais-presos-na-operacao-esfinge-ja-estao-em-salvador","status":"publish","type":"post","link":"https:\/\/www.sudoestehoje.com.br\/novoportal\/2011\/06\/02\/policiais-presos-na-operacao-esfinge-ja-estao-em-salvador\/","title":{"rendered":"POLICIAIS PRESOS NA &#8216;OPERA\u00c7\u00c3O ESFINGE&#8217; J\u00c1 EST\u00c3O EM SALVADOR"},"content":{"rendered":"<p style=\"text-align: center;\"><img decoding=\"async\" src=\"http:\/\/1.bp.blogspot.com\/-YmJZMb7h4Yk\/TeYbHr3ZkBI\/AAAAAAAAH1w\/HTv3UY9DfeQ\/s400\/silv%25C3%25A9rio.jpg\" alt=\"\" \/><\/p>\n<p style=\"text-align: center;\"><em><strong>Policiais civis e militares foram transferidos para pris\u00e3o em Salvador<\/strong><\/em><\/p>\n<p>\u00a0<\/p>\n<p>J\u00e1 est\u00e3o na Corregedoria da Pol\u00edcia Civil de Salvador, o delegado e outros oito policiais civis de Camac\u00e3, no sul da Bahia, presos na \u00faltima ter\u00e7a-feira. Os policiais s\u00e3o suspeitos de fazer parte de uma quadrilha que praticava assassinatos, extors\u00e3o e recepta\u00e7\u00e3o de carga roubada, entre outros crimes. Tamb\u00e9m est\u00e3o presos no interior do estado o Comandante da Companhia da Pol\u00edcia Militar de Camac\u00e3, outros tr\u00eas PMs e tr\u00eas empres\u00e1rios.<\/p>\n<p>Os policiais civis que estavam detidos no munic\u00edpio de Itabuna e chegaram \u00e0 Corregedoria da Pol\u00edcia, em Salvador, no fim da tarde de quarta-feira. Os presos, que n\u00e3o quiseram falar com a imprensa, cobriram os rostos, sendo cercados pelos advogados. A PM informou que vai investigar todas as den\u00fancias. Os quatro policiais militares detidos foram levados para o Batalh\u00e3o de Choque da PM, em Lauro de Freitas. Os empres\u00e1rios est\u00e3o presos na delegacia de Ilh\u00e9us. (G1)<\/p>\n","protected":false},"excerpt":{"rendered":"<p>Policiais civis e militares foram transferidos para pris\u00e3o em Salvador \u00a0 J\u00e1 est\u00e3o na Corregedoria da Pol\u00edcia Civil de Salvador, o delegado e outros oito policiais civis de Camac\u00e3, no sul da Bahia, presos na \u00faltima ter\u00e7a-feira. Os policiais s\u00e3o suspeitos de fazer parte de uma quadrilha que praticava assassinatos, extors\u00e3o e recepta\u00e7\u00e3o de carga [&hellip;]<\/p>\n","protected":false},"author":2,"featured_media":0,"comment_status":"open","ping_status":"open","sticky":false,"template":"","format":"standard","meta":{"footnotes":"","_links_to":"","_links_to_target":""},"categories":[1],"tags":[],"class_list":["post-5386","post","type-post","status-publish","format-standard","hentry","category-geral"],"views":1184,"_links":{"self":[{"href":"https:\/\/www.sudoestehoje.com.br\/novoportal\/wp-json\/wp\/v2\/posts\/5386","targetHints":{"allow":["GET"]}}],"collection":[{"href":"https:\/\/www.sudoestehoje.com.br\/novoportal\/wp-json\/wp\/v2\/posts"}],"about":[{"href":"https:\/\/www.sudoestehoje.com.br\/novoportal\/wp-json\/wp\/v2\/types\/post"}],"author":[{"embeddable":true,"href":"https:\/\/www.sudoestehoje.com.br\/novoportal\/wp-json\/wp\/v2\/users\/2"}],"replies":[{"embeddable":true,"href":"https:\/\/www.sudoestehoje.com.br\/novoportal\/wp-json\/wp\/v2\/comments?post=5386"}],"version-history":[{"count":3,"href":"https:\/\/www.sudoestehoje.com.br\/novoportal\/wp-json\/wp\/v2\/posts\/5386\/revisions"}],"predecessor-version":[{"id":5389,"href":"https:\/\/www.sudoestehoje.com.br\/novoportal\/wp-json\/wp\/v2\/posts\/5386\/revisions\/5389"}],"wp:attachment":[{"href":"https:\/\/www.sudoestehoje.com.br\/novoportal\/wp-json\/wp\/v2\/media?parent=5386"}],"wp:term":[{"taxonomy":"category","embeddable":true,"href":"https:\/\/www.sudoestehoje.com.br\/novoportal\/wp-json\/wp\/v2\/categories?post=5386"},{"taxonomy":"post_tag","embeddable":true,"href":"https:\/\/www.sudoestehoje.com.br\/novoportal\/wp-json\/wp\/v2\/tags?post=5386"}],"curies":[{"name":"wp","href":"https:\/\/api.w.org\/{rel}","templated":true}]}}