
{"id":5379,"date":"2011-06-02T00:23:50","date_gmt":"2011-06-02T03:23:50","guid":{"rendered":"http:\/\/www.sudoestehoje.com.br\/novoportal\/?p=5379"},"modified":"2011-06-02T08:06:28","modified_gmt":"2011-06-02T11:06:28","slug":"major-silverio-e-exonerado-pelo-governador-jaques-wagner","status":"publish","type":"post","link":"https:\/\/www.sudoestehoje.com.br\/novoportal\/2011\/06\/02\/major-silverio-e-exonerado-pelo-governador-jaques-wagner\/","title":{"rendered":"MAJOR SILV\u00c9RIO \u00c9 EXONERADO PELO GOVERNADOR JAQUES WAGNER"},"content":{"rendered":"<p style=\"text-align: center;\"><img loading=\"lazy\" decoding=\"async\" src=\"http:\/\/www.radarnoticias.com\/userfiles\/image\/JUNHO%202011\/major%20Silverio.jpg\" border=\"1\" alt=\"\" width=\"300\" height=\"225\" align=\"textTop\" \/><\/p>\n<p style=\"text-align: center;\"><em><strong>Silv\u00e9rio perde o comando de Camacan e se complica<\/strong><\/em><\/p>\n<p>\u00a0<\/p>\n<p>O major Jos\u00e9 Silv\u00e9rio de Almeida Neto foi exonerado do comando da 62\u00aa Companhia Independente de Pol\u00edcia Militar (Camacan) em decreto assinado pelo governador Jaques Wagner. O oficial ser\u00e1 substitu\u00eddo pelo tamb\u00e9m major Andr\u00e9 Luiz Oliveira Leite.<\/p>\n<p>Silv\u00e9rio caiu ap\u00f3s ter sido preso na Opera\u00e7\u00e3o Esfinge, ontem, junto com outras 16 pessoas, 13 das quais policiais militares e civis. O grupo \u00e9 acusado de roubo de cargas, forma\u00e7\u00e3o de quadrilha, exterm\u00ednio, corrup\u00e7\u00e3o e tr\u00e1fico de drogas, al\u00e9m de amparo ao jogo do bicho em Camacan, no sul da Bahia.<\/p>\n<p>A opera\u00e7\u00e3o desmantelou a quadrilha e derrubou n\u00e3o s\u00f3 o comando da PM no munic\u00edpio, mas tamb\u00e9m <em>dragou<\/em> a pol\u00edcia civil. O delegado Jackson Silva, seis agentes e duas escriv\u00e3s foram presos ontem.<\/p>\n<p>A \u201cbanda podre\u201d da Civil foi substitu\u00edda por uma equipe de quatro escriv\u00e3os, quatro delegados e 16 investigadores que v\u00e3o trabalhar em siatema de rod\u00edzio enquanto n\u00e3o forem nomeados novos delegados e agentes para o munic\u00edpio.<\/p>\n<p>Apenas dois policiais civis n\u00e3o tinham envolvimento com a quadrilha no munic\u00edpio, segundo as investiga\u00e7\u00f5es das corregedorias das pol\u00edciais Militar e Civil e do Minist\u00e9rio P\u00fablico estadual. Na PM, al\u00e9m do major, tamb\u00e9m foram presos dois soldados e um sargento.<\/p>\n","protected":false},"excerpt":{"rendered":"<p>Silv\u00e9rio perde o comando de Camacan e se complica \u00a0 O major Jos\u00e9 Silv\u00e9rio de Almeida Neto foi exonerado do comando da 62\u00aa Companhia Independente de Pol\u00edcia Militar (Camacan) em decreto assinado pelo governador Jaques Wagner. O oficial ser\u00e1 substitu\u00eddo pelo tamb\u00e9m major Andr\u00e9 Luiz Oliveira Leite. Silv\u00e9rio caiu ap\u00f3s ter sido preso na Opera\u00e7\u00e3o [&hellip;]<\/p>\n","protected":false},"author":2,"featured_media":0,"comment_status":"open","ping_status":"open","sticky":false,"template":"","format":"standard","meta":{"footnotes":"","_links_to":"","_links_to_target":""},"categories":[1],"tags":[],"class_list":["post-5379","post","type-post","status-publish","format-standard","hentry","category-geral"],"views":1360,"_links":{"self":[{"href":"https:\/\/www.sudoestehoje.com.br\/novoportal\/wp-json\/wp\/v2\/posts\/5379","targetHints":{"allow":["GET"]}}],"collection":[{"href":"https:\/\/www.sudoestehoje.com.br\/novoportal\/wp-json\/wp\/v2\/posts"}],"about":[{"href":"https:\/\/www.sudoestehoje.com.br\/novoportal\/wp-json\/wp\/v2\/types\/post"}],"author":[{"embeddable":true,"href":"https:\/\/www.sudoestehoje.com.br\/novoportal\/wp-json\/wp\/v2\/users\/2"}],"replies":[{"embeddable":true,"href":"https:\/\/www.sudoestehoje.com.br\/novoportal\/wp-json\/wp\/v2\/comments?post=5379"}],"version-history":[{"count":4,"href":"https:\/\/www.sudoestehoje.com.br\/novoportal\/wp-json\/wp\/v2\/posts\/5379\/revisions"}],"predecessor-version":[{"id":5382,"href":"https:\/\/www.sudoestehoje.com.br\/novoportal\/wp-json\/wp\/v2\/posts\/5379\/revisions\/5382"}],"wp:attachment":[{"href":"https:\/\/www.sudoestehoje.com.br\/novoportal\/wp-json\/wp\/v2\/media?parent=5379"}],"wp:term":[{"taxonomy":"category","embeddable":true,"href":"https:\/\/www.sudoestehoje.com.br\/novoportal\/wp-json\/wp\/v2\/categories?post=5379"},{"taxonomy":"post_tag","embeddable":true,"href":"https:\/\/www.sudoestehoje.com.br\/novoportal\/wp-json\/wp\/v2\/tags?post=5379"}],"curies":[{"name":"wp","href":"https:\/\/api.w.org\/{rel}","templated":true}]}}