
{"id":53762,"date":"2015-11-02T09:01:47","date_gmt":"2015-11-02T12:01:47","guid":{"rendered":"http:\/\/www.sudoestehoje.com.br\/novoportal\/?p=53762"},"modified":"2015-11-26T09:11:48","modified_gmt":"2015-11-26T12:11:48","slug":"deputado-herzem-gusmao-participa-de-audiencia-publica-sobre-o-rio-catole","status":"publish","type":"post","link":"https:\/\/www.sudoestehoje.com.br\/novoportal\/2015\/11\/02\/deputado-herzem-gusmao-participa-de-audiencia-publica-sobre-o-rio-catole\/","title":{"rendered":"DEPUTADO HERZEM GUSM\u00c3O PARTICIPA DE AUDI\u00caNCIA P\u00daBLICA SOBRE O RIO CATOL\u00c9"},"content":{"rendered":"<p><a href=\"http:\/\/www.sudoestehoje.com.br\/novoportal\/wp-content\/uploads\/2015\/11\/Catol\u00e9-2.jpg\"><img loading=\"lazy\" decoding=\"async\" class=\"aligncenter size-medium wp-image-53764\" src=\"http:\/\/www.sudoestehoje.com.br\/novoportal\/wp-content\/uploads\/2015\/11\/Catol\u00e9-2-500x281.jpg\" alt=\"Catol\u00e9 2\" width=\"500\" height=\"281\" srcset=\"https:\/\/www.sudoestehoje.com.br\/novoportal\/wp-content\/uploads\/2015\/11\/Catol\u00e9-2-500x281.jpg 500w, https:\/\/www.sudoestehoje.com.br\/novoportal\/wp-content\/uploads\/2015\/11\/Catol\u00e9-2-700x394.jpg 700w, https:\/\/www.sudoestehoje.com.br\/novoportal\/wp-content\/uploads\/2015\/11\/Catol\u00e9-2.jpg 1600w\" sizes=\"auto, (max-width: 500px) 100vw, 500px\" \/><\/a><\/p>\n<p>O deputado Herzem Gusm\u00e3o (PMDB) participou na manh\u00e3 desta quinta-feira (29) de uma audi\u00eancia p\u00fablica na C\u00e2mara de Vereadores de Itapetinga em defesa do Comit\u00ea Gestor da Bacia do Rio Catol\u00e9, evento promovido por iniciativa do Minist\u00e9rio P\u00fablico da Bahia. Da audi\u00eancia, saiu um documento que ser\u00e1 entregue na pr\u00f3xima ter\u00e7a-feira na Secretaria Estadual de Meio Ambiente defendendo a necessidade de preserva\u00e7\u00e3o do rio, de sua fauna e flora, com restaura\u00e7\u00e3o das matas ciliares.<\/p>\n<p><a href=\"http:\/\/www.sudoestehoje.com.br\/novoportal\/wp-content\/uploads\/2015\/11\/Herzem-Catol\u00e9.jpg\"><img loading=\"lazy\" decoding=\"async\" class=\"aligncenter size-medium wp-image-53765\" src=\"http:\/\/www.sudoestehoje.com.br\/novoportal\/wp-content\/uploads\/2015\/11\/Herzem-Catol\u00e9-500x375.jpg\" alt=\"Herzem-Catol\u00e9\" width=\"500\" height=\"375\" srcset=\"https:\/\/www.sudoestehoje.com.br\/novoportal\/wp-content\/uploads\/2015\/11\/Herzem-Catol\u00e9-500x375.jpg 500w, https:\/\/www.sudoestehoje.com.br\/novoportal\/wp-content\/uploads\/2015\/11\/Herzem-Catol\u00e9-700x525.jpg 700w, https:\/\/www.sudoestehoje.com.br\/novoportal\/wp-content\/uploads\/2015\/11\/Herzem-Catol\u00e9.jpg 960w\" sizes=\"auto, (max-width: 500px) 100vw, 500px\" \/><\/a><\/p>\n<p>\u201cNa audi\u00eancia, defendemos a import\u00e2ncia da constru\u00e7\u00e3o da barragem, que vai possibilitar o ac\u00famulo e concentra\u00e7\u00e3o de \u00e1gua do Catol\u00e9, favorecendo ainda o abastecimento das cidades da regi\u00e3o\u201d, disse o deputado. Gusm\u00e3o disse ainda que as audi\u00eancias p\u00fablicas defesa do Comit\u00ea Gestor da Bacia do Rio Catol\u00e9 t\u00eam movimentado as cidades do Sudoeste, como Itamb\u00e9, Itapetinga, Barra do Cho\u00e7a e Vit\u00f3ria da Conquista.<\/p>\n","protected":false},"excerpt":{"rendered":"<p>O deputado Herzem Gusm\u00e3o (PMDB) participou na manh\u00e3 desta quinta-feira (29) de uma audi\u00eancia p\u00fablica na C\u00e2mara de Vereadores de Itapetinga em defesa do Comit\u00ea Gestor da Bacia do Rio Catol\u00e9, evento promovido por iniciativa do Minist\u00e9rio P\u00fablico da Bahia. Da audi\u00eancia, saiu um documento que ser\u00e1 entregue na pr\u00f3xima ter\u00e7a-feira na Secretaria Estadual de [&hellip;]<\/p>\n","protected":false},"author":2,"featured_media":0,"comment_status":"open","ping_status":"open","sticky":false,"template":"","format":"standard","meta":{"footnotes":"","_links_to":"","_links_to_target":""},"categories":[1],"tags":[],"class_list":["post-53762","post","type-post","status-publish","format-standard","hentry","category-geral"],"views":1056,"_links":{"self":[{"href":"https:\/\/www.sudoestehoje.com.br\/novoportal\/wp-json\/wp\/v2\/posts\/53762","targetHints":{"allow":["GET"]}}],"collection":[{"href":"https:\/\/www.sudoestehoje.com.br\/novoportal\/wp-json\/wp\/v2\/posts"}],"about":[{"href":"https:\/\/www.sudoestehoje.com.br\/novoportal\/wp-json\/wp\/v2\/types\/post"}],"author":[{"embeddable":true,"href":"https:\/\/www.sudoestehoje.com.br\/novoportal\/wp-json\/wp\/v2\/users\/2"}],"replies":[{"embeddable":true,"href":"https:\/\/www.sudoestehoje.com.br\/novoportal\/wp-json\/wp\/v2\/comments?post=53762"}],"version-history":[{"count":1,"href":"https:\/\/www.sudoestehoje.com.br\/novoportal\/wp-json\/wp\/v2\/posts\/53762\/revisions"}],"predecessor-version":[{"id":53766,"href":"https:\/\/www.sudoestehoje.com.br\/novoportal\/wp-json\/wp\/v2\/posts\/53762\/revisions\/53766"}],"wp:attachment":[{"href":"https:\/\/www.sudoestehoje.com.br\/novoportal\/wp-json\/wp\/v2\/media?parent=53762"}],"wp:term":[{"taxonomy":"category","embeddable":true,"href":"https:\/\/www.sudoestehoje.com.br\/novoportal\/wp-json\/wp\/v2\/categories?post=53762"},{"taxonomy":"post_tag","embeddable":true,"href":"https:\/\/www.sudoestehoje.com.br\/novoportal\/wp-json\/wp\/v2\/tags?post=53762"}],"curies":[{"name":"wp","href":"https:\/\/api.w.org\/{rel}","templated":true}]}}