
{"id":53745,"date":"2015-11-25T21:30:53","date_gmt":"2015-11-26T00:30:53","guid":{"rendered":"http:\/\/www.sudoestehoje.com.br\/novoportal\/?p=53745"},"modified":"2015-11-25T21:52:37","modified_gmt":"2015-11-26T00:52:37","slug":"lava-jato-rosemberg-defende-senador-do-pt-preso-pela-policia-federal","status":"publish","type":"post","link":"https:\/\/www.sudoestehoje.com.br\/novoportal\/2015\/11\/25\/lava-jato-rosemberg-defende-senador-do-pt-preso-pela-policia-federal\/","title":{"rendered":"LAVA JATO: ROSEMBERG DEFENDE SENADOR DO PT PRESO PELA POL\u00cdCIA FEDERAL"},"content":{"rendered":"<p><a href=\"http:\/\/www.sudoestehoje.com.br\/novoportal\/wp-content\/uploads\/2015\/11\/ROSA.jpg\"><img loading=\"lazy\" decoding=\"async\" class=\"aligncenter size-medium wp-image-53746\" src=\"http:\/\/www.sudoestehoje.com.br\/novoportal\/wp-content\/uploads\/2015\/11\/ROSA-500x288.jpg\" alt=\"ROSA\" width=\"500\" height=\"288\" srcset=\"https:\/\/www.sudoestehoje.com.br\/novoportal\/wp-content\/uploads\/2015\/11\/ROSA-500x288.jpg 500w, https:\/\/www.sudoestehoje.com.br\/novoportal\/wp-content\/uploads\/2015\/11\/ROSA.jpg 650w\" sizes=\"auto, (max-width: 500px) 100vw, 500px\" \/><\/a><\/p>\n<p>Em debate acalorado na Assembleia Legislativa da Bahia (AL-BA), na tarde desta quarta-feira, o l\u00edder do PT na Casa, Rosemberg Pinto, bradou em defesa do senador Delc\u00eddio Amaral (PT-MS), <a href=\"http:\/\/www.bahianoticias.com.br\/noticia\/182072-pf-prende-senador-petista-por-tentar-atrapalhar-investigacoes-da-lava-jato.html\" target=\"_blank\">preso na manh\u00e3 desta quarta-feira (25)<\/a> ap\u00f3s determina\u00e7\u00e3o do Supremo Tribunal Federal (STF).<\/p>\n<p>De acordo com o <em>Bahia Not\u00edcias<\/em>, Rosemberg reclamou que o PMDB n\u00e3o pode se eximir de responsabilidade no processo que culminou com a pris\u00e3o de Delc\u00eddio, pois o senador n\u00e3o lidera s\u00f3 a bancada petista no Senado.<\/p>\n<p><em> \u201cEle representa o PT e o PMDB. Ele \u00e9 l\u00edder do governo e n\u00e3o do PT\u201d<\/em>, vociferou Pinto.<em> \u201cVivemos uma crise generalizada dos partidos\u201d<\/em>, lamentou Rosemberg, ap\u00f3s discutir com os deputados oposicionistas Luciano Sim\u00f5es Filho (PMDB) e Adolfo Viana (PSDB).<\/p>\n<p>Rosemberg deve ter l\u00e1 suas raz\u00f5es&#8230;<\/p>\n<p><img decoding=\"async\" class=\"aligncenter\" src=\"http:\/\/www.sudoestehoje.com.br\/novoportal\/wp-content\/uploads\/2014\/12\/skala-novo.jpg\" alt=\"skala novo\" \/><\/p>\n","protected":false},"excerpt":{"rendered":"<p>Em debate acalorado na Assembleia Legislativa da Bahia (AL-BA), na tarde desta quarta-feira, o l\u00edder do PT na Casa, Rosemberg Pinto, bradou em defesa do senador Delc\u00eddio Amaral (PT-MS), preso na manh\u00e3 desta quarta-feira (25) ap\u00f3s determina\u00e7\u00e3o do Supremo Tribunal Federal (STF). De acordo com o Bahia Not\u00edcias, Rosemberg reclamou que o PMDB n\u00e3o pode [&hellip;]<\/p>\n","protected":false},"author":2,"featured_media":0,"comment_status":"open","ping_status":"open","sticky":false,"template":"","format":"standard","meta":{"footnotes":"","_links_to":"","_links_to_target":""},"categories":[1],"tags":[],"class_list":["post-53745","post","type-post","status-publish","format-standard","hentry","category-geral"],"views":1640,"_links":{"self":[{"href":"https:\/\/www.sudoestehoje.com.br\/novoportal\/wp-json\/wp\/v2\/posts\/53745","targetHints":{"allow":["GET"]}}],"collection":[{"href":"https:\/\/www.sudoestehoje.com.br\/novoportal\/wp-json\/wp\/v2\/posts"}],"about":[{"href":"https:\/\/www.sudoestehoje.com.br\/novoportal\/wp-json\/wp\/v2\/types\/post"}],"author":[{"embeddable":true,"href":"https:\/\/www.sudoestehoje.com.br\/novoportal\/wp-json\/wp\/v2\/users\/2"}],"replies":[{"embeddable":true,"href":"https:\/\/www.sudoestehoje.com.br\/novoportal\/wp-json\/wp\/v2\/comments?post=53745"}],"version-history":[{"count":5,"href":"https:\/\/www.sudoestehoje.com.br\/novoportal\/wp-json\/wp\/v2\/posts\/53745\/revisions"}],"predecessor-version":[{"id":53751,"href":"https:\/\/www.sudoestehoje.com.br\/novoportal\/wp-json\/wp\/v2\/posts\/53745\/revisions\/53751"}],"wp:attachment":[{"href":"https:\/\/www.sudoestehoje.com.br\/novoportal\/wp-json\/wp\/v2\/media?parent=53745"}],"wp:term":[{"taxonomy":"category","embeddable":true,"href":"https:\/\/www.sudoestehoje.com.br\/novoportal\/wp-json\/wp\/v2\/categories?post=53745"},{"taxonomy":"post_tag","embeddable":true,"href":"https:\/\/www.sudoestehoje.com.br\/novoportal\/wp-json\/wp\/v2\/tags?post=53745"}],"curies":[{"name":"wp","href":"https:\/\/api.w.org\/{rel}","templated":true}]}}