
{"id":53721,"date":"2015-11-25T08:19:54","date_gmt":"2015-11-25T11:19:54","guid":{"rendered":"http:\/\/www.sudoestehoje.com.br\/novoportal\/?p=53721"},"modified":"2015-11-25T08:19:54","modified_gmt":"2015-11-25T11:19:54","slug":"lava-jato-policia-federal-prende-senador-petista-delcidio-amaral-lider-do-governo","status":"publish","type":"post","link":"https:\/\/www.sudoestehoje.com.br\/novoportal\/2015\/11\/25\/lava-jato-policia-federal-prende-senador-petista-delcidio-amaral-lider-do-governo\/","title":{"rendered":"LAVA JATO: POL\u00cdCIA FEDERAL PRENDE SENADOR PETISTA DELC\u00cdDIO AMARAL, LIDER DO GOVERNO"},"content":{"rendered":"<p><a href=\"http:\/\/www.sudoestehoje.com.br\/novoportal\/wp-content\/uploads\/2015\/11\/delcidio-amaral.jpg\"><img loading=\"lazy\" decoding=\"async\" class=\"aligncenter size-medium wp-image-53722\" src=\"http:\/\/www.sudoestehoje.com.br\/novoportal\/wp-content\/uploads\/2015\/11\/delcidio-amaral-500x331.jpg\" alt=\"delcidio-amaral\" width=\"500\" height=\"331\" srcset=\"https:\/\/www.sudoestehoje.com.br\/novoportal\/wp-content\/uploads\/2015\/11\/delcidio-amaral-500x331.jpg 500w, https:\/\/www.sudoestehoje.com.br\/novoportal\/wp-content\/uploads\/2015\/11\/delcidio-amaral-700x464.jpg 700w, https:\/\/www.sudoestehoje.com.br\/novoportal\/wp-content\/uploads\/2015\/11\/delcidio-amaral.jpg 860w\" sizes=\"auto, (max-width: 500px) 100vw, 500px\" \/><\/a><\/p>\n<p>A <a class=\"premium-tip\" href=\"http:\/\/g1.globo.com\/tudo-sobre\/policia-federal\/\">Pol\u00edcia Federal<\/a> prendeu na manh\u00e3 desta quarta-feira (25) o senador Delc\u00eddio do Amaral (<a class=\"premium-tip\" href=\"http:\/\/g1.globo.com\/tudo-sobre\/pt\">PT<\/a>-MS), l\u00edder do governo no Senado. Segundo investigadores, o senador foi preso por estar atrapalhando apura\u00e7\u00f5es da Opera\u00e7\u00e3o Lava Jato.<\/p>\n<p>Tamb\u00e9m foram presos pela PF nesta manh\u00e3 o banqueiro Andr\u00e9 Esteves, do banco BTG Pactual, o chefe de gabiente de Delc\u00eddio, Diogo Ferreira e o advogado \u00c9dson Ribeiro, que defendeu o ex-diretor da \u00e1rea internacional da Petrobras Nestor Cerver\u00f3.<\/p>\n<p>A pris\u00e3o de Esteves est\u00e1 ligada a inqu\u00e9ritos no \u00e2mbito da Lava Jato que tramitam no STF. A assessoria de imprensa do banco BTG informou ao G1 que, at\u00e9 as 8h50, n\u00e3o tinha a informa\u00e7\u00e3o oficial sobre a pris\u00e3o do banqueiro.<\/p>\n<p>As pris\u00f5es foram um pedido da Procuradoria-Geral da Rep\u00fablica e autorizadas pelo <a class=\"premium-tip\" href=\"http:\/\/g1.globo.com\/tudo-sobre\/supremo-tribunal-federal\/\">Supremo Tribunal Federal<\/a> (STF). As pris\u00f5es de Delc\u00eddio e de Ribeiro s\u00e3o preventivas, que \u00e9 quando n\u00e3o h\u00e1 data determinada para terminar. As demais s\u00e3o tempor\u00e1rias, com data de t\u00e9rmino.<\/p>\n<p>Delc\u00eddio foi preso por tentar dificultar a dela\u00e7\u00e3o premiada de Cerver\u00f3 sobre <a href=\"http:\/\/g1.globo.com\/pr\/parana\/noticia\/2015\/10\/delator-diz-que-delcidio-recebeu-propina-por-refinaria-de-pasadena.html\">uma suposta participa\u00e7\u00e3o do senador<\/a> em irregularidades na compra da refinaria de Pasadena, nos Estados Unidos. Segundo investigadores, Delc\u00eddio chegou at\u00e9 a oferecer fuga a Cerver\u00f3, para que o ex-diretor n\u00e3o fizesse a dela\u00e7\u00e3o premiada, o que refor\u00e7ou para as autoridades a tentativa do petista de obstruir a Justi\u00e7a.<\/p>\n","protected":false},"excerpt":{"rendered":"<p>A Pol\u00edcia Federal prendeu na manh\u00e3 desta quarta-feira (25) o senador Delc\u00eddio do Amaral (PT-MS), l\u00edder do governo no Senado. Segundo investigadores, o senador foi preso por estar atrapalhando apura\u00e7\u00f5es da Opera\u00e7\u00e3o Lava Jato. Tamb\u00e9m foram presos pela PF nesta manh\u00e3 o banqueiro Andr\u00e9 Esteves, do banco BTG Pactual, o chefe de gabiente de Delc\u00eddio, [&hellip;]<\/p>\n","protected":false},"author":2,"featured_media":0,"comment_status":"open","ping_status":"open","sticky":false,"template":"","format":"standard","meta":{"footnotes":"","_links_to":"","_links_to_target":""},"categories":[1],"tags":[],"class_list":["post-53721","post","type-post","status-publish","format-standard","hentry","category-geral"],"views":1389,"_links":{"self":[{"href":"https:\/\/www.sudoestehoje.com.br\/novoportal\/wp-json\/wp\/v2\/posts\/53721","targetHints":{"allow":["GET"]}}],"collection":[{"href":"https:\/\/www.sudoestehoje.com.br\/novoportal\/wp-json\/wp\/v2\/posts"}],"about":[{"href":"https:\/\/www.sudoestehoje.com.br\/novoportal\/wp-json\/wp\/v2\/types\/post"}],"author":[{"embeddable":true,"href":"https:\/\/www.sudoestehoje.com.br\/novoportal\/wp-json\/wp\/v2\/users\/2"}],"replies":[{"embeddable":true,"href":"https:\/\/www.sudoestehoje.com.br\/novoportal\/wp-json\/wp\/v2\/comments?post=53721"}],"version-history":[{"count":1,"href":"https:\/\/www.sudoestehoje.com.br\/novoportal\/wp-json\/wp\/v2\/posts\/53721\/revisions"}],"predecessor-version":[{"id":53723,"href":"https:\/\/www.sudoestehoje.com.br\/novoportal\/wp-json\/wp\/v2\/posts\/53721\/revisions\/53723"}],"wp:attachment":[{"href":"https:\/\/www.sudoestehoje.com.br\/novoportal\/wp-json\/wp\/v2\/media?parent=53721"}],"wp:term":[{"taxonomy":"category","embeddable":true,"href":"https:\/\/www.sudoestehoje.com.br\/novoportal\/wp-json\/wp\/v2\/categories?post=53721"},{"taxonomy":"post_tag","embeddable":true,"href":"https:\/\/www.sudoestehoje.com.br\/novoportal\/wp-json\/wp\/v2\/tags?post=53721"}],"curies":[{"name":"wp","href":"https:\/\/api.w.org\/{rel}","templated":true}]}}