
{"id":53716,"date":"2015-11-24T22:43:24","date_gmt":"2015-11-25T01:43:24","guid":{"rendered":"http:\/\/www.sudoestehoje.com.br\/novoportal\/?p=53716"},"modified":"2015-11-24T22:43:24","modified_gmt":"2015-11-25T01:43:24","slug":"itororo-populacao-vai-se-reunir-na-sexta-feira-para-discutir-projeto-s-o-s-rio-colonia","status":"publish","type":"post","link":"https:\/\/www.sudoestehoje.com.br\/novoportal\/2015\/11\/24\/itororo-populacao-vai-se-reunir-na-sexta-feira-para-discutir-projeto-s-o-s-rio-colonia\/","title":{"rendered":"ITOROR\u00d3: POPULA\u00c7\u00c3O VAI SE REUNIR NA SEXTA-FEIRA PARA DISCUTIR PROJETO \u201cS.O.S RIO COL\u00d4NIA\u201d"},"content":{"rendered":"<p><a href=\"http:\/\/www.sudoestehoje.com.br\/novoportal\/wp-content\/uploads\/2015\/11\/RIO.jpg\"><img loading=\"lazy\" decoding=\"async\" class=\"  wp-image-53717 alignleft\" src=\"http:\/\/www.sudoestehoje.com.br\/novoportal\/wp-content\/uploads\/2015\/11\/RIO.jpg\" alt=\"RIO\" width=\"300\" height=\"400\" \/><\/a><\/p>\n<p>Uma iniciativa importante foi tomada em Itoror\u00f3 esta semana. Itororoenses de todos os seguimentos est\u00e3o se mobilizando em prol de uma solu\u00e7\u00e3o para a situa\u00e7\u00e3o que o Rio Col\u00f4nia enfrenta hoje em nossa regi\u00e3o. Utilizando um grupo do aplicativo Whatsapp intitulado \u201cS.O.S RIO COL\u00d4NIA\u201d os participantes tem discutido id\u00e9ias e buscando solu\u00e7\u00f5es para o caso.<\/p>\n<p>O primeiro passo foi dado na manh\u00e3 desta ter\u00e7a-feira, 24, quando membros do grupo \u201cS.O.S RIO COL\u00d4NIA\u201d e membros da Ma\u00e7onaria de Itoror\u00f3 se dirigiram para a regi\u00e3o do Col\u00f4nia para averiguarem a real situa\u00e7\u00e3o em que se encontra as nascentes desse Rio t\u00e3o importante. Segundo um levantamento bem abrangente feito pelo SAAE de Itoror\u00f3 anteriormente na regi\u00e3o citada, existem diversas nascentes do Rio nas proximidades da regi\u00e3o do Col\u00f4nia.<\/p>\n<p>O Rio Col\u00f4nia estende o seu percurso por mais de 120 quil\u00f4metros, banhando os munic\u00edpios de Itoror\u00f3,\u00a0<a href=\"https:\/\/pt.wikipedia.org\/wiki\/Caatiba\">Caatiba<\/a>,\u00a0<a href=\"https:\/\/pt.wikipedia.org\/wiki\/Itamb%C3%A9_(Bahia)\">Itamb\u00e9<\/a>,\u00a0<a href=\"https:\/\/pt.wikipedia.org\/wiki\/Itapetinga\">Itapetinga<\/a>,\u00a0<a href=\"https:\/\/pt.wikipedia.org\/wiki\/Itaju_do_Col%C3%B4nia\">Itaju do Col\u00f4nia<\/a>\u00a0e\u00a0<a href=\"https:\/\/pt.wikipedia.org\/wiki\/Itap%C3%A9\">Itap\u00e9<\/a>. Neste ponto, ele perde suas for\u00e7as para o Rio Salgado e a sua identidade para o Rio Cachoeira. O Rio Col\u00f4nia teve suas tr\u00eas nascentes constatadas e reconhecidas por uma equipe da Universidade Estadual de Santa Cruz, no ano 2000 e, imediatamente, mapeadas como os mananciais formadores da bacia do Rio Col\u00f4nia que vai se transformar em\u00a0<a href=\"https:\/\/pt.wikipedia.org\/wiki\/Rio_Cachoeira_(Bahia)\">Rio Cachoeira<\/a>. De l\u00e1 para c\u00e1 muito pouco se foi feito para que o Rio Col\u00f4nia se mantivesse vivo. Na foto acima, postada na rede social do m\u00fasico Murilo Amorim foi poss\u00edvel observar a situa\u00e7\u00e3o que em se encontrava o Rio na regi\u00e3o do Macuco no \u00faltimo dia 18 de novembro.<\/p>\n<p>Na pr\u00f3xima sexta-feita, 27, uma importante reuni\u00e3o quem contar\u00e1 com a participa\u00e7\u00e3o de toda a popula\u00e7\u00e3o acontecer\u00e1 no CETEP a partir das 18hs.\u00a0Informa\u00e7\u00f5es do <em>Blog Itoror\u00f3 J\u00e1<\/em><\/p>\n<p><img loading=\"lazy\" decoding=\"async\" class=\" aligncenter\" src=\"http:\/\/2.bp.blogspot.com\/-70-eOs__L20\/VPCyusPhXRI\/AAAAAAAACAQ\/KHorKekdACs\/s640\/tarug%C3%A3o1.jpg\" alt=\"\" width=\"501\" height=\"141\" \/><\/p>\n","protected":false},"excerpt":{"rendered":"<p>Uma iniciativa importante foi tomada em Itoror\u00f3 esta semana. Itororoenses de todos os seguimentos est\u00e3o se mobilizando em prol de uma solu\u00e7\u00e3o para a situa\u00e7\u00e3o que o Rio Col\u00f4nia enfrenta hoje em nossa regi\u00e3o. Utilizando um grupo do aplicativo Whatsapp intitulado \u201cS.O.S RIO COL\u00d4NIA\u201d os participantes tem discutido id\u00e9ias e buscando solu\u00e7\u00f5es para o caso. [&hellip;]<\/p>\n","protected":false},"author":2,"featured_media":0,"comment_status":"open","ping_status":"open","sticky":false,"template":"","format":"standard","meta":{"footnotes":"","_links_to":"","_links_to_target":""},"categories":[1],"tags":[],"class_list":["post-53716","post","type-post","status-publish","format-standard","hentry","category-geral"],"views":1310,"_links":{"self":[{"href":"https:\/\/www.sudoestehoje.com.br\/novoportal\/wp-json\/wp\/v2\/posts\/53716","targetHints":{"allow":["GET"]}}],"collection":[{"href":"https:\/\/www.sudoestehoje.com.br\/novoportal\/wp-json\/wp\/v2\/posts"}],"about":[{"href":"https:\/\/www.sudoestehoje.com.br\/novoportal\/wp-json\/wp\/v2\/types\/post"}],"author":[{"embeddable":true,"href":"https:\/\/www.sudoestehoje.com.br\/novoportal\/wp-json\/wp\/v2\/users\/2"}],"replies":[{"embeddable":true,"href":"https:\/\/www.sudoestehoje.com.br\/novoportal\/wp-json\/wp\/v2\/comments?post=53716"}],"version-history":[{"count":3,"href":"https:\/\/www.sudoestehoje.com.br\/novoportal\/wp-json\/wp\/v2\/posts\/53716\/revisions"}],"predecessor-version":[{"id":53720,"href":"https:\/\/www.sudoestehoje.com.br\/novoportal\/wp-json\/wp\/v2\/posts\/53716\/revisions\/53720"}],"wp:attachment":[{"href":"https:\/\/www.sudoestehoje.com.br\/novoportal\/wp-json\/wp\/v2\/media?parent=53716"}],"wp:term":[{"taxonomy":"category","embeddable":true,"href":"https:\/\/www.sudoestehoje.com.br\/novoportal\/wp-json\/wp\/v2\/categories?post=53716"},{"taxonomy":"post_tag","embeddable":true,"href":"https:\/\/www.sudoestehoje.com.br\/novoportal\/wp-json\/wp\/v2\/tags?post=53716"}],"curies":[{"name":"wp","href":"https:\/\/api.w.org\/{rel}","templated":true}]}}