
{"id":5358,"date":"2011-05-31T22:16:00","date_gmt":"2011-06-01T01:16:00","guid":{"rendered":"http:\/\/www.sudoestehoje.com.br\/novoportal\/?p=5358"},"modified":"2011-06-01T13:25:06","modified_gmt":"2011-06-01T16:25:06","slug":"delegado-jackson-e-major-silverio-lideravam-organizacao-criminosa","status":"publish","type":"post","link":"https:\/\/www.sudoestehoje.com.br\/novoportal\/2011\/05\/31\/delegado-jackson-e-major-silverio-lideravam-organizacao-criminosa\/","title":{"rendered":"DELEGADO JACKSON E MAJOR SILV\u00c9RIO LIDERAVAM ORGANIZA\u00c7\u00c3O CRIMINOSA"},"content":{"rendered":"<p style=\"text-align: center;\"><em><strong>\u00a0<\/strong><\/em><\/p>\n<p style=\"text-align: center;\"><img decoding=\"async\" src=\"http:\/\/4.bp.blogspot.com\/-qRT3WTWyTkU\/TeVPuGncosI\/AAAAAAAAJjY\/riwriUkbr2U\/s1600\/delegado_d.jpg\" alt=\"\" \/><\/p>\n<p style=\"text-align: center;\"><img loading=\"lazy\" decoding=\"async\" src=\"http:\/\/www.radarnoticias.com\/userfiles\/image\/JUNHO%202011\/major%20Silverio.jpg\" border=\"1\" alt=\"\" width=\"300\" height=\"225\" align=\"textTop\" \/><\/p>\n<p style=\"text-align: center;\"><strong>\u00a0<em>Delegado Jackson e Major Silv\u00e9rio eram os chefes da quadrilha\u00a0<\/em><\/strong><\/p>\n<p style=\"text-align: center;\">\u00a0<\/p>\n<p><em><strong>\u00a0Reda\u00e7\u00e3o CORREIO<\/strong><\/em><\/p>\n<p>Investiga\u00e7\u00f5es sobre a atua\u00e7\u00e3o de uma organiza\u00e7\u00e3o criminosa liderada por Jackson Silva, delegado titular do munic\u00edpio de Camacan, no sul da Bahia, e\u00a0pelo major PM Jos\u00e9 Silv\u00e9rio de Almeida Neto resultaram na pris\u00e3o dos dois e de outros seis investigadores, duas escriv\u00e3es, um sargento, dois soldados PMs e de tr\u00eas empres\u00e1rios da regi\u00e3o at\u00e9 \u00e0s 14h desta ter\u00e7a-feira (31).<\/p>\n<p style=\"text-align: center;\"><img decoding=\"async\" class=\"aligncenter\" src=\"http:\/\/www.interiordabahia.com.br\/thumbnail.php?file=\/opera____o_esfinge_31052011_346449457.jpg&amp;size=article_medium\" alt=\"image\" \/> <strong><em>Opera\u00e7\u00e3o desmontou quadrilha formada por &#8220;gente da lei&#8221;<\/em><\/strong><\/p>\n<p>\u00a0<\/p>\n<p>S\u00e3o atribu\u00eddos \u00e0 quadrilha os crimes de peculato, extors\u00e3o, tr\u00e1fico de drogas, homic\u00eddios e recepta\u00e7\u00e3o de carga roubada. Batizada de Opera\u00e7\u00e3o Esfinge, a a\u00e7\u00e3o resultou ainda em sete pris\u00f5es em flagrante \u2013 duas por peculato (apropria\u00e7\u00e3o ou desvio de bem p\u00fablico ou sob responsabilidade do poder p\u00fablico), e cinco por porte ilegal de arma -, segundo informou a corregedora chefe da Pol\u00edcia Civil, delegada Iracema Silva de Jesus. Foram apreendidos quatro rifles, uma carabina, uma pistola, dez rev\u00f3lveres, mais de 200 muni\u00e7\u00f5es de calibres variados e cinco carros e motocicletas com evid\u00eancias de adultera\u00e7\u00e3o.<\/p>\n<p>As investiga\u00e7\u00f5es sobre as atividades da organiza\u00e7\u00e3o criminosa em Camacan e adjac\u00eancias tiveram inicio em novembro do ano passado. Os servidores das pol\u00edcias Civil e Militar participantes do esquema ser\u00e3o encaminhados para as respectivas corregedorias das duas institui\u00e7\u00f5es, em Salvador. Os empres\u00e1rios capturados ficar\u00e3o \u00e0 disposi\u00e7\u00e3o da Justi\u00e7a no Pres\u00eddio Regional de Ilh\u00e9us.<\/p>\n<p style=\"text-align: center;\"><em><strong><img loading=\"lazy\" decoding=\"async\" src=\"http:\/\/bocaonews.com.br\/ckfinder\/userfiles\/images\/_notes\/camacan-policia-bocao-news.JPG\" alt=\"\" width=\"433\" height=\"305\" \/><\/strong><\/em><\/p>\n<p style=\"text-align: center;\"><em><strong>As pris\u00f5es aconteceram nos munic\u00edpios de Itabuna, Camacan e Ilh\u00e9us.<\/strong><\/em><\/p>\n<p><strong>\u00a0<\/strong><\/p>\n<p><strong>17 Presos<br \/>\n<\/strong>Al\u00e9m do delegado <em>Jackson Silva<\/em> e do<em><strong> <\/strong>major PM Jos\u00e9 Silv\u00e9rio<\/em>, foram presos em Camacan os investigadores Carlos Jorge Silva G\u00f3es, Clevison Jos\u00e9 Alves Rocha, Lailson Monteiro Lobo, Paulo C\u00e9sar de Oliveira, Thales Santos Carvalho e Jo\u00e3o Oliveira Larcher (aposentado), as escriv\u00e3es Carla Cristina Brito Felix e Tatiane Ribeiro Tanajura.<\/p>\n<p style=\"text-align: center;\"><a href=\"http:\/\/www.radarnoticias.com\/noticias\/policia\/5494\/major-e-delegado-sao-acusados-de-formacao-de-quadrilha-trafico-e-exterminio-01-06-2011\/\"><img loading=\"lazy\" decoding=\"async\" class=\"aligncenter\" title=\"Foto: Radar Not\u00edcias\" src=\"http:\/\/www.radarnoticias.com\/painel\/modulos\/artigos\/images\/1306901918.jpg\" border=\"0\" alt=\"\" width=\"330\" height=\"230\" \/><\/a><\/p>\n<p style=\"text-align: left;\">Tamb\u00e9m est\u00e3o presos o sargento PM Lauro Ant\u00f4nio Oliveira Ferraz, os soldados L\u00facio Lima Viana e Matheus Ferraz Costa, al\u00e9m dos empres\u00e1rios atacadistas Edvan Ribeiro Santana, o irm\u00e3o dele, Jos\u00e9 Ivan Ribeiro Santana, e Jos\u00e9 Siqueira Silva.<\/p>\n<p><strong>Opera\u00e7\u00e3o conjunta<br \/>\n<\/strong>A a\u00e7\u00e3o desencadeada conjuntamente pela Secretaria da Seguran\u00e7a P\u00fablica (SSP) e o Grupo de Atua\u00e7\u00e3o Especial de Combate \u00e0s Organiza\u00e7\u00f5es Criminosas e de Investiga\u00e7\u00f5es Criminais (Gaeco), do Minist\u00e9rio P\u00fablico, teve in\u00edcio na madrugada de hoje para o cumprimento de 21 mandados de pris\u00e3o e 25 de busca e apreens\u00e3o.<\/p>\n<p>Com as pris\u00f5es, segundo o site Pimenta na Muqueca,\u00a0o munic\u00edpio de Camacan ficou apenas com dois policiais civis para os trabalhos de investiga\u00e7\u00e3o. De acordo com levatamento feito pelo IBGE em 2010, a cidade possui 31.472 habitantes.<\/p>\n<p><strong>Assassinato de empres\u00e1ria<br \/>\n<\/strong>O empres\u00e1rio Edvan Ribeiro, que foi preso na opera\u00e7\u00e3o Esfinge,\u00a0era casado com\u00a0a empres\u00e1ria Katia Cristina Lima dos Santos, de 31 anos, que foi assassinada dentro do carro na porta de uma Igreja da cidade de Camacan, no dia 28 de outubro de 2010.<\/p>\n<p>K\u00e1tia estava com os dois filhos e a m\u00e3e no momento em que foi assassinada. Ela chegou a ser encaminhada \u00e0 Funda\u00e7\u00e3o Hospitalar de Camacan, mas n\u00e3o resistiu aos ferimentos e morreu. O crime era investigado pelo delegado Jackson Silva, que foi preso hoje.<\/p>\n","protected":false},"excerpt":{"rendered":"<p>\u00a0 \u00a0Delegado Jackson e Major Silv\u00e9rio eram os chefes da quadrilha\u00a0 \u00a0 \u00a0Reda\u00e7\u00e3o CORREIO Investiga\u00e7\u00f5es sobre a atua\u00e7\u00e3o de uma organiza\u00e7\u00e3o criminosa liderada por Jackson Silva, delegado titular do munic\u00edpio de Camacan, no sul da Bahia, e\u00a0pelo major PM Jos\u00e9 Silv\u00e9rio de Almeida Neto resultaram na pris\u00e3o dos dois e de outros seis investigadores, duas [&hellip;]<\/p>\n","protected":false},"author":2,"featured_media":0,"comment_status":"open","ping_status":"open","sticky":false,"template":"","format":"standard","meta":{"footnotes":"","_links_to":"","_links_to_target":""},"categories":[1],"tags":[],"class_list":["post-5358","post","type-post","status-publish","format-standard","hentry","category-geral"],"views":2691,"_links":{"self":[{"href":"https:\/\/www.sudoestehoje.com.br\/novoportal\/wp-json\/wp\/v2\/posts\/5358","targetHints":{"allow":["GET"]}}],"collection":[{"href":"https:\/\/www.sudoestehoje.com.br\/novoportal\/wp-json\/wp\/v2\/posts"}],"about":[{"href":"https:\/\/www.sudoestehoje.com.br\/novoportal\/wp-json\/wp\/v2\/types\/post"}],"author":[{"embeddable":true,"href":"https:\/\/www.sudoestehoje.com.br\/novoportal\/wp-json\/wp\/v2\/users\/2"}],"replies":[{"embeddable":true,"href":"https:\/\/www.sudoestehoje.com.br\/novoportal\/wp-json\/wp\/v2\/comments?post=5358"}],"version-history":[{"count":9,"href":"https:\/\/www.sudoestehoje.com.br\/novoportal\/wp-json\/wp\/v2\/posts\/5358\/revisions"}],"predecessor-version":[{"id":5360,"href":"https:\/\/www.sudoestehoje.com.br\/novoportal\/wp-json\/wp\/v2\/posts\/5358\/revisions\/5360"}],"wp:attachment":[{"href":"https:\/\/www.sudoestehoje.com.br\/novoportal\/wp-json\/wp\/v2\/media?parent=5358"}],"wp:term":[{"taxonomy":"category","embeddable":true,"href":"https:\/\/www.sudoestehoje.com.br\/novoportal\/wp-json\/wp\/v2\/categories?post=5358"},{"taxonomy":"post_tag","embeddable":true,"href":"https:\/\/www.sudoestehoje.com.br\/novoportal\/wp-json\/wp\/v2\/tags?post=5358"}],"curies":[{"name":"wp","href":"https:\/\/api.w.org\/{rel}","templated":true}]}}