
{"id":5349,"date":"2011-05-31T10:30:24","date_gmt":"2011-05-31T13:30:24","guid":{"rendered":"http:\/\/www.sudoestehoje.com.br\/novoportal\/?p=5349"},"modified":"2011-05-31T10:30:24","modified_gmt":"2011-05-31T13:30:24","slug":"sem-vigilancia-sanitaria","status":"publish","type":"post","link":"https:\/\/www.sudoestehoje.com.br\/novoportal\/2011\/05\/31\/sem-vigilancia-sanitaria\/","title":{"rendered":"SEM VIGIL\u00c2NCIA SANIT\u00c1RIA"},"content":{"rendered":"<p style=\"text-align: center;\"><a href=\"http:\/\/www.google.com.br\/imgres?imgurl=http:\/\/felicianofilho.zip.net\/images\/S5030129.JPG&amp;imgrefurl=http:\/\/felicianofilho.zip.net\/arch2008-12-07_2008-12-13.html&amp;usg=__sCrXIoht4ir9YDkjDjPDS2J9YB0=&amp;h=1200&amp;w=1600&amp;sz=948&amp;hl=pt-BR&amp;start=18&amp;zoom=1&amp;um=1&amp;itbs=1&amp;tbnid=rqbgOyP3pL_I1M:&amp;tbnh=113&amp;tbnw=150&amp;prev=\/search%3Fq%3Dabate%2Bclandestino%26um%3D1%26hl%3Dpt-BR%26sa%3DN%26rlz%3D1T4SKPB_pt-BRBR354BR359%26ndsp%3D20%26tbm%3Disch&amp;ei=M-3kTfsTwsaAB6y4tNoG\"><img loading=\"lazy\" decoding=\"async\" id=\"rqbgOyP3pL_I1M:\" class=\"aligncenter\" src=\"http:\/\/t0.gstatic.com\/images?q=tbn:ANd9GcQYT-qvxLkg2qi8ZZGu1pHOuBaGQODNOQPGT_2vJTViyhfrFHapcPYV2PUu\" alt=\"\" width=\"150\" height=\"113\" \/><\/a><\/p>\n<p>Quem frequenta ou trabalha na Central de Abastecimento de Itapetinga\u00a0n\u00e3o aguenta mais a sujeira que tomou conta de toda a feira, principalmente dos a\u00e7ougues. A vigil\u00e2ncia sanit\u00e1ria do munic\u00edpio, o Minist\u00e9rio P\u00fablico e a Adab, que pareciam t\u00e3o \u00e1geis tempos atr\u00e1s, parece que se renderam ou esqueceram das suas obriga\u00e7\u00f5es, permitindo aquela sujeira na central. Apesar dos esfor\u00e7os iniciais, ainda se comercializa carnes oriundas de abate clandestino e os a\u00e7ougues de suinos, na Central II, funcionam em cima das bocas dos esgotos, tamb\u00e9m conhecidas como &#8216;bocas de l\u00f4bo&#8217;, a c\u00e9u aberto. \u00c9 uma verdadeira fedentina, que d\u00e1 nojo a todos que passam por l\u00e1.<\/p>\n","protected":false},"excerpt":{"rendered":"<p>Quem frequenta ou trabalha na Central de Abastecimento de Itapetinga\u00a0n\u00e3o aguenta mais a sujeira que tomou conta de toda a feira, principalmente dos a\u00e7ougues. A vigil\u00e2ncia sanit\u00e1ria do munic\u00edpio, o Minist\u00e9rio P\u00fablico e a Adab, que pareciam t\u00e3o \u00e1geis tempos atr\u00e1s, parece que se renderam ou esqueceram das suas obriga\u00e7\u00f5es, permitindo aquela sujeira na central. [&hellip;]<\/p>\n","protected":false},"author":2,"featured_media":0,"comment_status":"open","ping_status":"open","sticky":false,"template":"","format":"standard","meta":{"footnotes":"","_links_to":"","_links_to_target":""},"categories":[11],"tags":[],"class_list":["post-5349","post","type-post","status-publish","format-standard","hentry","category-quentinhas"],"views":1321,"_links":{"self":[{"href":"https:\/\/www.sudoestehoje.com.br\/novoportal\/wp-json\/wp\/v2\/posts\/5349","targetHints":{"allow":["GET"]}}],"collection":[{"href":"https:\/\/www.sudoestehoje.com.br\/novoportal\/wp-json\/wp\/v2\/posts"}],"about":[{"href":"https:\/\/www.sudoestehoje.com.br\/novoportal\/wp-json\/wp\/v2\/types\/post"}],"author":[{"embeddable":true,"href":"https:\/\/www.sudoestehoje.com.br\/novoportal\/wp-json\/wp\/v2\/users\/2"}],"replies":[{"embeddable":true,"href":"https:\/\/www.sudoestehoje.com.br\/novoportal\/wp-json\/wp\/v2\/comments?post=5349"}],"version-history":[{"count":2,"href":"https:\/\/www.sudoestehoje.com.br\/novoportal\/wp-json\/wp\/v2\/posts\/5349\/revisions"}],"predecessor-version":[{"id":5351,"href":"https:\/\/www.sudoestehoje.com.br\/novoportal\/wp-json\/wp\/v2\/posts\/5349\/revisions\/5351"}],"wp:attachment":[{"href":"https:\/\/www.sudoestehoje.com.br\/novoportal\/wp-json\/wp\/v2\/media?parent=5349"}],"wp:term":[{"taxonomy":"category","embeddable":true,"href":"https:\/\/www.sudoestehoje.com.br\/novoportal\/wp-json\/wp\/v2\/categories?post=5349"},{"taxonomy":"post_tag","embeddable":true,"href":"https:\/\/www.sudoestehoje.com.br\/novoportal\/wp-json\/wp\/v2\/tags?post=5349"}],"curies":[{"name":"wp","href":"https:\/\/api.w.org\/{rel}","templated":true}]}}