
{"id":53337,"date":"2015-11-02T10:13:17","date_gmt":"2015-11-02T13:13:17","guid":{"rendered":"http:\/\/www.sudoestehoje.com.br\/novoportal\/?p=53337"},"modified":"2015-11-02T10:13:17","modified_gmt":"2015-11-02T13:13:17","slug":"vice-presidente-do-pt-do-b-se-desfilia-do-partido-e-assume-o-comando-do-pros-em-itapetinga","status":"publish","type":"post","link":"https:\/\/www.sudoestehoje.com.br\/novoportal\/2015\/11\/02\/vice-presidente-do-pt-do-b-se-desfilia-do-partido-e-assume-o-comando-do-pros-em-itapetinga\/","title":{"rendered":"VICE PRESIDENTE DO PT DO B SE DESFILIA DO PARTIDO E ASSUME O COMANDO DO PROS EM ITAPETINGA"},"content":{"rendered":"<p><a href=\"http:\/\/www.sudoestehoje.com.br\/novoportal\/wp-content\/uploads\/2015\/11\/Z\u00c9-ROBERTO-MOTA.jpg\"><img loading=\"lazy\" decoding=\"async\" class=\"aligncenter  wp-image-53338\" src=\"http:\/\/www.sudoestehoje.com.br\/novoportal\/wp-content\/uploads\/2015\/11\/Z\u00c9-ROBERTO-MOTA-500x331.jpg\" alt=\"Z\u00c9 ROBERTO MOTA\" width=\"500\" height=\"331\" srcset=\"https:\/\/www.sudoestehoje.com.br\/novoportal\/wp-content\/uploads\/2015\/11\/Z\u00c9-ROBERTO-MOTA-500x331.jpg 500w, https:\/\/www.sudoestehoje.com.br\/novoportal\/wp-content\/uploads\/2015\/11\/Z\u00c9-ROBERTO-MOTA-700x464.jpg 700w, https:\/\/www.sudoestehoje.com.br\/novoportal\/wp-content\/uploads\/2015\/11\/Z\u00c9-ROBERTO-MOTA.jpg 800w\" sizes=\"auto, (max-width: 500px) 100vw, 500px\" \/><\/a><\/p>\n<p>O cen\u00e1rio pol\u00edtico de Itapetinga foi sacudido com uma reviravolta pol\u00edtica essa semana, com o rompimento do PT do B com o bloco oposicionista \u2018Unidos por Itapetinga\u201d\u00a0 e conversa\u00e7\u00f5es por parte do partido sobre um poss\u00edvel apoio ao PTB, partido que integra a base aliada do governo do estado da Bahia e do prefeito de Itapetinga, Jos\u00e9 Carlos Moura.<\/p>\n<p>Segundo Jos\u00e9 Roberto Mota, at\u00e9 ent\u00e3o vice-presidente do PT do B, essa decis\u00e3o \u201cfoi uma decis\u00e3o de pessoas, n\u00e3o do partido, sequer fui comunicado dessa reuni\u00e3o, e como j\u00e1 tinha sido oferecida a mim o diret\u00f3rio do PROS em Itapetinga, atrav\u00e9s do assessor do diret\u00f3rio nacional do partido Jairo Matos, que quer o partido nas principais cidades brasileiras, resolvi abarcar esse projeto, e desde o dia 30\/10 sou formalmente o presidente do diret\u00f3rio local\u201d.<\/p>\n<p>Sobre o relacionamento com os dirigentes do seu antigo partido, Jos\u00e9 Roberto foi enf\u00e1tico: \u201c s\u00e3o pessoas amigas, argutas, tenho a mais alta estima por elas, mas no campo ideol\u00f3gico eles abra\u00e7aram um projeto que n\u00e3o \u00e9 o meu,pois eu j\u00e1 tinha dado a minha palavra que iria marchar com o bloco oposicionista, e assim estarei\u201d.<\/p>\n<p>Ainda segundo o presidente do PROS, at\u00e9 dezembro ser\u00e1 feito um evento supra-partid\u00e1rio com os demais partidos do bloco, e um evento de filia\u00e7\u00e3o n\u00e3o est\u00e1 descartado. \u201cAinda estamos formatando isso a\u00ed, seria uma maneira de dar visibilidade ao nosso partido. Teremos quatro ou cinco candidatos a vereador, e queremos sim, ser uma voz atuante na pol\u00edtica local\u201d, finalizou Jos\u00e9 Roberto. <em>Ascom Pros Itapetinga<\/em><\/p>\n<p><img decoding=\"async\" class=\"aligncenter\" src=\"http:\/\/www.sudoestehoje.com.br\/novoportal\/wp-content\/uploads\/2014\/07\/Feira-do-Lar-1.png\" alt=\"Feira-do-Lar (1)\" \/><\/p>\n","protected":false},"excerpt":{"rendered":"<p>O cen\u00e1rio pol\u00edtico de Itapetinga foi sacudido com uma reviravolta pol\u00edtica essa semana, com o rompimento do PT do B com o bloco oposicionista \u2018Unidos por Itapetinga\u201d\u00a0 e conversa\u00e7\u00f5es por parte do partido sobre um poss\u00edvel apoio ao PTB, partido que integra a base aliada do governo do estado da Bahia e do prefeito de [&hellip;]<\/p>\n","protected":false},"author":2,"featured_media":0,"comment_status":"open","ping_status":"open","sticky":false,"template":"","format":"standard","meta":{"footnotes":"","_links_to":"","_links_to_target":""},"categories":[1],"tags":[],"class_list":["post-53337","post","type-post","status-publish","format-standard","hentry","category-geral"],"views":1504,"_links":{"self":[{"href":"https:\/\/www.sudoestehoje.com.br\/novoportal\/wp-json\/wp\/v2\/posts\/53337","targetHints":{"allow":["GET"]}}],"collection":[{"href":"https:\/\/www.sudoestehoje.com.br\/novoportal\/wp-json\/wp\/v2\/posts"}],"about":[{"href":"https:\/\/www.sudoestehoje.com.br\/novoportal\/wp-json\/wp\/v2\/types\/post"}],"author":[{"embeddable":true,"href":"https:\/\/www.sudoestehoje.com.br\/novoportal\/wp-json\/wp\/v2\/users\/2"}],"replies":[{"embeddable":true,"href":"https:\/\/www.sudoestehoje.com.br\/novoportal\/wp-json\/wp\/v2\/comments?post=53337"}],"version-history":[{"count":1,"href":"https:\/\/www.sudoestehoje.com.br\/novoportal\/wp-json\/wp\/v2\/posts\/53337\/revisions"}],"predecessor-version":[{"id":53339,"href":"https:\/\/www.sudoestehoje.com.br\/novoportal\/wp-json\/wp\/v2\/posts\/53337\/revisions\/53339"}],"wp:attachment":[{"href":"https:\/\/www.sudoestehoje.com.br\/novoportal\/wp-json\/wp\/v2\/media?parent=53337"}],"wp:term":[{"taxonomy":"category","embeddable":true,"href":"https:\/\/www.sudoestehoje.com.br\/novoportal\/wp-json\/wp\/v2\/categories?post=53337"},{"taxonomy":"post_tag","embeddable":true,"href":"https:\/\/www.sudoestehoje.com.br\/novoportal\/wp-json\/wp\/v2\/tags?post=53337"}],"curies":[{"name":"wp","href":"https:\/\/api.w.org\/{rel}","templated":true}]}}