
{"id":53331,"date":"2015-11-02T09:57:02","date_gmt":"2015-11-02T12:57:02","guid":{"rendered":"http:\/\/www.sudoestehoje.com.br\/novoportal\/?p=53331"},"modified":"2015-11-02T09:57:02","modified_gmt":"2015-11-02T12:57:02","slug":"mulher-acusada-de-atear-fogo-em-morador-de-rua-e-presa-em-conquista","status":"publish","type":"post","link":"https:\/\/www.sudoestehoje.com.br\/novoportal\/2015\/11\/02\/mulher-acusada-de-atear-fogo-em-morador-de-rua-e-presa-em-conquista\/","title":{"rendered":"MULHER ACUSADA DE ATEAR FOGO EM MORADOR DE RUA \u00c9 PRESA EM CONQUISTA"},"content":{"rendered":"<p><a href=\"http:\/\/www.sudoestehoje.com.br\/novoportal\/wp-content\/uploads\/2015\/11\/IONE.jpg\"><img loading=\"lazy\" decoding=\"async\" class=\"aligncenter size-medium wp-image-53332\" src=\"http:\/\/www.sudoestehoje.com.br\/novoportal\/wp-content\/uploads\/2015\/11\/IONE-500x325.jpg\" alt=\"IONE\" width=\"500\" height=\"325\" srcset=\"https:\/\/www.sudoestehoje.com.br\/novoportal\/wp-content\/uploads\/2015\/11\/IONE-500x325.jpg 500w, https:\/\/www.sudoestehoje.com.br\/novoportal\/wp-content\/uploads\/2015\/11\/IONE.jpg 695w\" sizes=\"auto, (max-width: 500px) 100vw, 500px\" \/><\/a><\/p>\n<p>A Pol\u00edcia Civil de Vit\u00f3ria da Conquista prendeu neste s\u00e1bado, 31, a mulher suspeita de ter participado do crime de tentativa de homic\u00eddio contra um morador de rua.\u00a0Ione e seu comparsa, conhecido por Para\u00edba, s\u00e3o apontados como os respons\u00e1veis de terem ateado fogo em um homem na Av. Rosa Cruz em frente ao Centro de Cultura.<\/p>\n<p>De acordo com a PC, j\u00e1 havia um mandado de pris\u00e3o preventiva contra Ione. Ela \u00e9 acusada de participar do c\u00e1rcere privado e tortura da jovem que passou dois anos desaparecida. O casal suspeito j\u00e1 havia sido preso, mas o mandado contra Ione ainda n\u00e3o tinha sido expedido pela Justi\u00e7a.<\/p>\n<p><a href=\"http:\/\/www.sudoestehoje.com.br\/novoportal\/wp-content\/uploads\/2015\/11\/FOGO.jpg\"><img loading=\"lazy\" decoding=\"async\" class=\"aligncenter size-medium wp-image-53334\" src=\"http:\/\/www.sudoestehoje.com.br\/novoportal\/wp-content\/uploads\/2015\/11\/FOGO-500x316.jpg\" alt=\"FOGO\" width=\"500\" height=\"316\" srcset=\"https:\/\/www.sudoestehoje.com.br\/novoportal\/wp-content\/uploads\/2015\/11\/FOGO-500x316.jpg 500w, https:\/\/www.sudoestehoje.com.br\/novoportal\/wp-content\/uploads\/2015\/11\/FOGO.jpg 695w\" sizes=\"auto, (max-width: 500px) 100vw, 500px\" \/><\/a><\/p>\n<p>Na delegacia, a suspeita disse que n\u00e3o foi autora da tentativa de homic\u00eddio. Segundo ela, apenas Para\u00edba cometeu o crime. Entretanto, Ione revelou que o foto n\u00e3o foi ateado com tinner, mas com \u00e1lcool combust\u00edvel, comprado em um posto pr\u00f3ximo. Blitz Conquista<\/p>\n<p><img loading=\"lazy\" decoding=\"async\" class=\" aligncenter\" src=\"http:\/\/2.bp.blogspot.com\/-70-eOs__L20\/VPCyusPhXRI\/AAAAAAAACAQ\/KHorKekdACs\/s640\/tarug%C3%A3o1.jpg\" alt=\"\" width=\"501\" height=\"141\" \/><\/p>\n","protected":false},"excerpt":{"rendered":"<p>A Pol\u00edcia Civil de Vit\u00f3ria da Conquista prendeu neste s\u00e1bado, 31, a mulher suspeita de ter participado do crime de tentativa de homic\u00eddio contra um morador de rua.\u00a0Ione e seu comparsa, conhecido por Para\u00edba, s\u00e3o apontados como os respons\u00e1veis de terem ateado fogo em um homem na Av. Rosa Cruz em frente ao Centro de [&hellip;]<\/p>\n","protected":false},"author":2,"featured_media":0,"comment_status":"open","ping_status":"open","sticky":false,"template":"","format":"standard","meta":{"footnotes":"","_links_to":"","_links_to_target":""},"categories":[1],"tags":[],"class_list":["post-53331","post","type-post","status-publish","format-standard","hentry","category-geral"],"views":2977,"_links":{"self":[{"href":"https:\/\/www.sudoestehoje.com.br\/novoportal\/wp-json\/wp\/v2\/posts\/53331","targetHints":{"allow":["GET"]}}],"collection":[{"href":"https:\/\/www.sudoestehoje.com.br\/novoportal\/wp-json\/wp\/v2\/posts"}],"about":[{"href":"https:\/\/www.sudoestehoje.com.br\/novoportal\/wp-json\/wp\/v2\/types\/post"}],"author":[{"embeddable":true,"href":"https:\/\/www.sudoestehoje.com.br\/novoportal\/wp-json\/wp\/v2\/users\/2"}],"replies":[{"embeddable":true,"href":"https:\/\/www.sudoestehoje.com.br\/novoportal\/wp-json\/wp\/v2\/comments?post=53331"}],"version-history":[{"count":2,"href":"https:\/\/www.sudoestehoje.com.br\/novoportal\/wp-json\/wp\/v2\/posts\/53331\/revisions"}],"predecessor-version":[{"id":53336,"href":"https:\/\/www.sudoestehoje.com.br\/novoportal\/wp-json\/wp\/v2\/posts\/53331\/revisions\/53336"}],"wp:attachment":[{"href":"https:\/\/www.sudoestehoje.com.br\/novoportal\/wp-json\/wp\/v2\/media?parent=53331"}],"wp:term":[{"taxonomy":"category","embeddable":true,"href":"https:\/\/www.sudoestehoje.com.br\/novoportal\/wp-json\/wp\/v2\/categories?post=53331"},{"taxonomy":"post_tag","embeddable":true,"href":"https:\/\/www.sudoestehoje.com.br\/novoportal\/wp-json\/wp\/v2\/tags?post=53331"}],"curies":[{"name":"wp","href":"https:\/\/api.w.org\/{rel}","templated":true}]}}