
{"id":53328,"date":"2015-11-02T09:48:47","date_gmt":"2015-11-02T12:48:47","guid":{"rendered":"http:\/\/www.sudoestehoje.com.br\/novoportal\/?p=53328"},"modified":"2015-11-02T10:21:38","modified_gmt":"2015-11-02T13:21:38","slug":"herzem-constata-abandono-de-obras-na-ferrovia-oeste-leste","status":"publish","type":"post","link":"https:\/\/www.sudoestehoje.com.br\/novoportal\/2015\/11\/02\/herzem-constata-abandono-de-obras-na-ferrovia-oeste-leste\/","title":{"rendered":"HERZEM CONSTATA ABANDONO DE OBRAS NA FERROVIA OESTE-LESTE"},"content":{"rendered":"<p><a href=\"http:\/\/www.sudoestehoje.com.br\/novoportal\/wp-content\/uploads\/2015\/11\/herzem-obras-fiol.jpg\"><img loading=\"lazy\" decoding=\"async\" class=\"aligncenter size-medium wp-image-53329\" src=\"http:\/\/www.sudoestehoje.com.br\/novoportal\/wp-content\/uploads\/2015\/11\/herzem-obras-fiol-500x281.jpg\" alt=\"herzem-obras-fiol\" width=\"500\" height=\"281\" \/><\/a><\/p>\n<p class=\"yiv4850116258s5\" style=\"margin: 0cm; margin-bottom: .0001pt; background: white;\"><span class=\"yiv4850116258bumpedfont15\"><span style=\"font-family: 'Arial','sans-serif'; color: black;\">Iniciada em dezembro de 2010, com previs\u00e3o de conclus\u00e3o em dezembro de 2012, o Lote 3 da Ferrovia Oeste \u2013 Leste, trecho de Ta<\/span><\/span>nha\u00e7u<span id=\"yui_3_16_0_1_1446469237812_9265\"><span id=\"yui_3_16_0_1_1446469237812_9264\">\u00a0a Manoel Vitorino est\u00e1\u00a0<\/span><\/span><span id=\"yui_3_16_0_1_1446469237812_9317\"><span id=\"yui_3_16_0_1_1446469237812_9316\">com atraso de 3 anos.<\/span><\/span><\/p>\n<p class=\"yiv4850116258s5\" style=\"margin: 0cm; margin-bottom: .0001pt; background: white;\"><span style=\"font-family: 'Arial','sans-serif'; color: black;\">\u00a0<\/span><\/p>\n<p id=\"yui_3_16_0_1_1446469237812_9273\" class=\"yiv4850116258s5\" style=\"margin: 0cm; margin-bottom: .0001pt; background: white; orphans: auto; text-align: start; widows: 1; -webkit-text-stroke-width: 0px; word-spacing: 0px;\"><span class=\"yiv4850116258bumpedfont15\"><span id=\"yui_3_16_0_1_1446469237812_9270\"><span style=\"font-family: 'Arial','sans-serif'; color: black;\"><span id=\"yui_3_16_0_1_1446469237812_9269\"><span id=\"yui_3_16_0_1_1446469237812_9271\">Na localidade de\u00a0<\/span><\/span><span id=\"yui_3_16_0_1_1446469237812_9308\"><span id=\"yui_3_16_0_1_1446469237812_9307\">Sussuarana<\/span><\/span><span id=\"yui_3_16_0_1_1446469237812_9388\"><span id=\"yui_3_16_0_1_1446469237812_9387\">, distrito de Tanha\u00e7u<\/span><\/span>, as obras est\u00e3o paradas h\u00e1 quase 30 dias.<span id=\"yui_3_16_0_1_1446469237812_9310\"><span id=\"yui_3_16_0_1_1446469237812_9309\">\u00a0Em dire\u00e7\u00e3o a Brumado j\u00e1 foram colocados 20 Km de trilhos, e na dire\u00e7\u00e3o de Manoel\u00a0<\/span><\/span><span id=\"yui_3_16_0_1_1446469237812_9395\"><span id=\"yui_3_16_0_1_1446469237812_9394\">Vitorino mais 70 Km<\/span><a style=\"outline: none;\" name=\"_GoBack\"><\/a><\/span>. No local est\u00e1 parada uma grande m\u00e1quina de alinhamento dos trilhos e vasculhadora de brita.<\/span><\/span><\/span><\/p>\n<p class=\"yiv4850116258s5\" style=\"margin: 0cm; margin-bottom: .0001pt; background: white;\"><span style=\"font-family: 'Arial','sans-serif'; color: black;\">\u00a0<\/span><\/p>\n<p id=\"yui_3_16_0_1_1446469237812_9278\" class=\"yiv4850116258s5\" style=\"margin: 0cm; margin-bottom: .0001pt; background: white; orphans: auto; text-align: start; widows: 1; -webkit-text-stroke-width: 0px; word-spacing: 0px;\"><span class=\"yiv4850116258bumpedfont15\"><span style=\"font-family: 'Arial','sans-serif'; color: black;\"><span id=\"yui_3_16_0_1_1446469237812_9276\">Existe uma<span id=\"yui_3_16_0_1_1446469237812_9301\"><span id=\"yui_3_16_0_1_1446469237812_9300\">\u00a0certa apreens\u00e3o nas cercanias com\u00a0<\/span><\/span>medo que as obras sejam paralisadas. O Contrato que a\u00a0Valec\u00a0firmou\u00a0com o\u00a0Cons\u00f3rcio\u00a0<span id=\"yui_3_16_0_1_1446469237812_9275\"><span id=\"yui_3_16_0_1_1446469237812_9274\">que envolve as empresas\u00a0<\/span><\/span>Torc,\u00a0Ivai\u00a0e\u00a0Cavan\u00a0vence no pr\u00f3ximo m\u00eas de dezembro.\u00a0Uma placa anuncia investimento de R$ 403 milh\u00f5es referente ao Lote 3.<\/span><\/span><\/span><\/p>\n<p class=\"yiv4850116258s5\" style=\"margin: 0cm; margin-bottom: .0001pt; background: white;\"><span style=\"font-family: 'Arial','sans-serif'; color: black;\">\u00a0<\/span><\/p>\n<p id=\"yui_3_16_0_1_1446469237812_9283\" class=\"yiv4850116258s5\" style=\"margin: 0cm; margin-bottom: .0001pt; background: white; orphans: auto; text-align: start; widows: 1; -webkit-text-stroke-width: 0px; word-spacing: 0px;\"><span class=\"yiv4850116258bumpedfont15\"><span id=\"yui_3_16_0_1_1446469237812_9280\"><span style=\"font-family: 'Arial','sans-serif'; color: black;\"><span id=\"yui_3_16_0_1_1446469237812_9279\"><span id=\"yui_3_16_0_1_1446469237812_9281\">O governador Rui Costa (PT) e os deputados da base continuam acreditando que a crise financeira que atravessa o Brasil n\u00e3o afetar\u00e1 as obras da\u00a0<\/span><\/span>Fiol.<\/span><\/span><\/span><\/p>\n<p class=\"yiv4850116258s5\" style=\"margin: 0cm; margin-bottom: .0001pt; background: white;\"><span style=\"font-family: 'Arial','sans-serif'; color: black;\">\u00a0<\/span><\/p>\n<p id=\"yui_3_16_0_1_1446469237812_9288\" class=\"yiv4850116258s5\" style=\"margin: 0cm; margin-bottom: .0001pt; background: white; orphans: auto; text-align: start; widows: 1; -webkit-text-stroke-width: 0px; word-spacing: 0px;\"><span class=\"yiv4850116258bumpedfont15\"><span id=\"yui_3_16_0_1_1446469237812_9299\"><span style=\"font-family: 'Arial','sans-serif'; color: black;\"><span id=\"yui_3_16_0_1_1446469237812_9298\"><span id=\"yui_3_16_0_1_1446469237812_9286\">O deputado estadual Herzem Gusm\u00e3o (PMDB) visitou o canteiro de obras na manh\u00e3 deste domingo (1\/11). \u201cEm que pese terem tirado de Vit\u00f3ria da Conquista<\/span><\/span>, a\u00a0Fiol<span id=\"yui_3_16_0_1_1446469237812_9297\"><span id=\"yui_3_16_0_1_1446469237812_9296\">\u00a0\u00e9 uma arrojada iniciativa<\/span><\/span>\u00a0que trar\u00e1 benef\u00edcios extraordin\u00e1rios para a Bahia<span id=\"yui_3_16_0_1_1446469237812_9285\"><span id=\"yui_3_16_0_1_1446469237812_9284\">. \u00c9 lament\u00e1vel o atraso e amea\u00e7a de interrup\u00e7\u00e3o das obras\u201d, lamentou o parlamentar.\u00a0<\/span><\/span><\/span><\/span><\/span><\/p>\n<p><img decoding=\"async\" class=\"aligncenter\" src=\"http:\/\/www.sudoestehoje.com.br\/novoportal\/wp-content\/uploads\/2015\/10\/SERVLAR-BANNER-500x178.jpg\" alt=\"SERVLAR BANNER\" \/><\/p>\n","protected":false},"excerpt":{"rendered":"<p>Iniciada em dezembro de 2010, com previs\u00e3o de conclus\u00e3o em dezembro de 2012, o Lote 3 da Ferrovia Oeste \u2013 Leste, trecho de Tanha\u00e7u\u00a0a Manoel Vitorino est\u00e1\u00a0com atraso de 3 anos. \u00a0 Na localidade de\u00a0Sussuarana, distrito de Tanha\u00e7u, as obras est\u00e3o paradas h\u00e1 quase 30 dias.\u00a0Em dire\u00e7\u00e3o a Brumado j\u00e1 foram colocados 20 Km de [&hellip;]<\/p>\n","protected":false},"author":2,"featured_media":0,"comment_status":"open","ping_status":"open","sticky":false,"template":"","format":"standard","meta":{"footnotes":"","_links_to":"","_links_to_target":""},"categories":[1],"tags":[],"class_list":["post-53328","post","type-post","status-publish","format-standard","hentry","category-geral"],"views":1129,"_links":{"self":[{"href":"https:\/\/www.sudoestehoje.com.br\/novoportal\/wp-json\/wp\/v2\/posts\/53328","targetHints":{"allow":["GET"]}}],"collection":[{"href":"https:\/\/www.sudoestehoje.com.br\/novoportal\/wp-json\/wp\/v2\/posts"}],"about":[{"href":"https:\/\/www.sudoestehoje.com.br\/novoportal\/wp-json\/wp\/v2\/types\/post"}],"author":[{"embeddable":true,"href":"https:\/\/www.sudoestehoje.com.br\/novoportal\/wp-json\/wp\/v2\/users\/2"}],"replies":[{"embeddable":true,"href":"https:\/\/www.sudoestehoje.com.br\/novoportal\/wp-json\/wp\/v2\/comments?post=53328"}],"version-history":[{"count":3,"href":"https:\/\/www.sudoestehoje.com.br\/novoportal\/wp-json\/wp\/v2\/posts\/53328\/revisions"}],"predecessor-version":[{"id":53341,"href":"https:\/\/www.sudoestehoje.com.br\/novoportal\/wp-json\/wp\/v2\/posts\/53328\/revisions\/53341"}],"wp:attachment":[{"href":"https:\/\/www.sudoestehoje.com.br\/novoportal\/wp-json\/wp\/v2\/media?parent=53328"}],"wp:term":[{"taxonomy":"category","embeddable":true,"href":"https:\/\/www.sudoestehoje.com.br\/novoportal\/wp-json\/wp\/v2\/categories?post=53328"},{"taxonomy":"post_tag","embeddable":true,"href":"https:\/\/www.sudoestehoje.com.br\/novoportal\/wp-json\/wp\/v2\/tags?post=53328"}],"curies":[{"name":"wp","href":"https:\/\/api.w.org\/{rel}","templated":true}]}}