
{"id":5330,"date":"2011-05-30T14:12:18","date_gmt":"2011-05-30T17:12:18","guid":{"rendered":"http:\/\/www.sudoestehoje.com.br\/novoportal\/?p=5330"},"modified":"2011-05-30T14:12:18","modified_gmt":"2011-05-30T17:12:18","slug":"uniao","status":"publish","type":"post","link":"https:\/\/www.sudoestehoje.com.br\/novoportal\/2011\/05\/30\/uniao\/","title":{"rendered":"UNI\u00c3O"},"content":{"rendered":"<p><em><a id=\"apf1\" href=\"http:\/\/www.google.com.br\/imgres?imgurl=http:\/\/www.sudoestehoje.com.br\/novoportal\/wp-content\/uploads\/2010\/11\/100_41591.jpg&amp;imgrefurl=http:\/\/www.sudoestehoje.com.br\/novoportal\/2010\/11\/27\/reforma-administrativa-ja\/&amp;usg=__9uf31DiIgTwY8Kt1JMwvOjtZe00=&amp;h=2748&amp;w=3664&amp;sz=1364&amp;hl=pt-BR&amp;start=2&amp;zoom=1&amp;um=1&amp;itbs=1&amp;tbnid=JJAklhNijKSewM:&amp;tbnh=113&amp;tbnw=150&amp;prev=\/search%3Fq%3Djos%25C3%25A9%2Belias%2Bribeiro%26um%3D1%26hl%3Dpt-BR%26sa%3DN%26rlz%3D1T4SKPB_pt-BRBR354BR359%26tbm%3Disch&amp;ei=Y8_jTaawJsSCgAe8zaTKBg\"><img loading=\"lazy\" decoding=\"async\" id=\"ipfJJAklhNijKSewM:\" class=\"alignleft\" src=\"http:\/\/t0.gstatic.com\/images?q=tbn:ANd9GcR5XcGyfNaYEqbXWKoIALEaAkZ1Sr2-ENNN6fDDtiyrKd__iAtcW0LEhrX1\" alt=\"\" width=\"150\" height=\"113\" \/><\/a>\u201dAqueles que quiserem realizar alguma coisa, primeiro t\u00eam que descobrir de que maneira ela deve ser feita para depois pratic\u00e1-la na ocasi\u00e3o oportuna.\u201d<\/em> A uni\u00e3o das oposi\u00e7\u00f5es ao prefeito Jos\u00e9 Carlos \u00e9 uma constru\u00e7\u00e3o pol\u00edtica que passa necessariamente pela boa vontade e pelo despreendimento dos ex-prefeitos Michel e Jos\u00e9 Ot\u00e1vio.<\/p>\n<p>Qualquer pesquisa de inten\u00e7\u00e3o de votos realizada em Itapetinga colocaria os dois ex-prefeitos em vantagem contra qualquer outro postulante. O ex-prefeito Michel, ao longo da sua carreira pol\u00edtica, mostrou por diversas vezes uma grande capacidade de transfer\u00eancia de votos. O ex-prefeito Jos\u00e9 Ot\u00e1vio continua contando com significativo apoio de parcela consider\u00e1vel da comunidade. Ser\u00e1 possivel aglutinar os dois grupos para enfrentar a tentativa de reelei\u00e7\u00e3o do prefeito?<\/p>\n<p>O destino conspira para que de fato exista esta alian\u00e7a. Existe um forte sentimento de revanche no grupo do ex-prefeito Michel e um sentimento de frusta\u00e7\u00e3o por parte dos simpatizantes do ex-prefeito Jos\u00e9 Ot\u00e1vio com o governo Jos\u00e9 Carlos, j\u00e1 que a grande maioria do eleitorado ligado ao Dr Jos\u00e9 Ot\u00e1vio optou por Jos\u00e9 Carlos.<\/p>\n<p>Outro fator importante que deve pesar na decis\u00e3o de Michel e Jos\u00e9 Ot\u00e1vio \u00e9 a costura pol\u00edtica de \u201ccima\u201d, envolvendo as principais lideran\u00e7as de oposi\u00e7\u00e3o ao governo Wagner.<\/p>\n<p>Uma singela pergunta e um pequeno desafio. De quem \u00e9 a frase do in\u00edcio do artigo?<\/p>\n<p><strong><em>Por JOS\u00c9 ELIAS RIBEIRO<br \/>\n<\/em><\/strong><\/p>\n","protected":false},"excerpt":{"rendered":"<p>\u201dAqueles que quiserem realizar alguma coisa, primeiro t\u00eam que descobrir de que maneira ela deve ser feita para depois pratic\u00e1-la na ocasi\u00e3o oportuna.\u201d A uni\u00e3o das oposi\u00e7\u00f5es ao prefeito Jos\u00e9 Carlos \u00e9 uma constru\u00e7\u00e3o pol\u00edtica que passa necessariamente pela boa vontade e pelo despreendimento dos ex-prefeitos Michel e Jos\u00e9 Ot\u00e1vio. Qualquer pesquisa de inten\u00e7\u00e3o de [&hellip;]<\/p>\n","protected":false},"author":2,"featured_media":0,"comment_status":"open","ping_status":"open","sticky":false,"template":"","format":"standard","meta":{"footnotes":"","_links_to":"","_links_to_target":""},"categories":[1],"tags":[],"class_list":["post-5330","post","type-post","status-publish","format-standard","hentry","category-geral"],"views":1724,"_links":{"self":[{"href":"https:\/\/www.sudoestehoje.com.br\/novoportal\/wp-json\/wp\/v2\/posts\/5330","targetHints":{"allow":["GET"]}}],"collection":[{"href":"https:\/\/www.sudoestehoje.com.br\/novoportal\/wp-json\/wp\/v2\/posts"}],"about":[{"href":"https:\/\/www.sudoestehoje.com.br\/novoportal\/wp-json\/wp\/v2\/types\/post"}],"author":[{"embeddable":true,"href":"https:\/\/www.sudoestehoje.com.br\/novoportal\/wp-json\/wp\/v2\/users\/2"}],"replies":[{"embeddable":true,"href":"https:\/\/www.sudoestehoje.com.br\/novoportal\/wp-json\/wp\/v2\/comments?post=5330"}],"version-history":[{"count":3,"href":"https:\/\/www.sudoestehoje.com.br\/novoportal\/wp-json\/wp\/v2\/posts\/5330\/revisions"}],"predecessor-version":[{"id":5333,"href":"https:\/\/www.sudoestehoje.com.br\/novoportal\/wp-json\/wp\/v2\/posts\/5330\/revisions\/5333"}],"wp:attachment":[{"href":"https:\/\/www.sudoestehoje.com.br\/novoportal\/wp-json\/wp\/v2\/media?parent=5330"}],"wp:term":[{"taxonomy":"category","embeddable":true,"href":"https:\/\/www.sudoestehoje.com.br\/novoportal\/wp-json\/wp\/v2\/categories?post=5330"},{"taxonomy":"post_tag","embeddable":true,"href":"https:\/\/www.sudoestehoje.com.br\/novoportal\/wp-json\/wp\/v2\/tags?post=5330"}],"curies":[{"name":"wp","href":"https:\/\/api.w.org\/{rel}","templated":true}]}}