
{"id":53280,"date":"2015-10-29T23:59:33","date_gmt":"2015-10-30T02:59:33","guid":{"rendered":"http:\/\/www.sudoestehoje.com.br\/novoportal\/?p=53280"},"modified":"2015-10-30T21:58:02","modified_gmt":"2015-10-31T00:58:02","slug":"energia-da-prefeitura-de-jequie-e-cortada-por-dividas-diz-coelba","status":"publish","type":"post","link":"https:\/\/www.sudoestehoje.com.br\/novoportal\/2015\/10\/29\/energia-da-prefeitura-de-jequie-e-cortada-por-dividas-diz-coelba\/","title":{"rendered":"ENERGIA DA PREFEITURA DE JEQUI\u00c9 \u00c9 CORTADA POR D\u00cdVIDAS, DIZ COELBA"},"content":{"rendered":"<p><a href=\"http:\/\/www.sudoestehoje.com.br\/novoportal\/wp-content\/uploads\/2015\/10\/Prefeitura_jequi\u00e9.jpg\"><img loading=\"lazy\" decoding=\"async\" class=\"aligncenter  wp-image-53281\" src=\"http:\/\/www.sudoestehoje.com.br\/novoportal\/wp-content\/uploads\/2015\/10\/Prefeitura_jequi\u00e9-500x377.jpg\" alt=\"Prefeitura_jequi\u00e9\" width=\"499\" height=\"376\" srcset=\"https:\/\/www.sudoestehoje.com.br\/novoportal\/wp-content\/uploads\/2015\/10\/Prefeitura_jequi\u00e9-500x377.jpg 500w, https:\/\/www.sudoestehoje.com.br\/novoportal\/wp-content\/uploads\/2015\/10\/Prefeitura_jequi\u00e9.jpg 633w\" sizes=\"auto, (max-width: 499px) 100vw, 499px\" \/><\/a><\/p>\n<p>O fornecimento de energia da prefeitura da cidade de Jequi\u00e9, na regi\u00e3o do sudoeste da Bahia, foi suspenso na manh\u00e3 desta quinta-feira (29). De acordo com informa\u00e7\u00f5es da assessoria de comunica\u00e7\u00e3o da Companhia de Eletricidade do Estado da Bahia (Coelba), o corte ocorreu por conta de d\u00edvidas.<\/p>\n<p>A energia tamb\u00e9m foi suspensa no Centro de Abastecimento por falta de pagamento, o que motivou, no final da tarde de quarta-feira (28), um protesto de comerciantes que trabalham no local. Os trabalhadores ficaram revoltados e chegaram a fechar uma das ruas do centro da cidade por conta do risco de perda das mercadorias.<\/p>\n<p>A assessoria de comunica\u00e7\u00e3o da prefeitura de Jequi\u00e9 informou que o atraso foi no pagamento de dois meses, mas que o executivo municipal j\u00e1 est\u00e1 negociando com a Coelba o religamento da energia nos dois locais. N\u00e3o h\u00e1 previs\u00e3o de quanto o fornecimento seja restabelecido. G1<\/p>\n","protected":false},"excerpt":{"rendered":"<p>O fornecimento de energia da prefeitura da cidade de Jequi\u00e9, na regi\u00e3o do sudoeste da Bahia, foi suspenso na manh\u00e3 desta quinta-feira (29). De acordo com informa\u00e7\u00f5es da assessoria de comunica\u00e7\u00e3o da Companhia de Eletricidade do Estado da Bahia (Coelba), o corte ocorreu por conta de d\u00edvidas. A energia tamb\u00e9m foi suspensa no Centro de [&hellip;]<\/p>\n","protected":false},"author":2,"featured_media":0,"comment_status":"open","ping_status":"open","sticky":false,"template":"","format":"standard","meta":{"footnotes":"","_links_to":"","_links_to_target":""},"categories":[1],"tags":[],"class_list":["post-53280","post","type-post","status-publish","format-standard","hentry","category-geral"],"views":1956,"_links":{"self":[{"href":"https:\/\/www.sudoestehoje.com.br\/novoportal\/wp-json\/wp\/v2\/posts\/53280","targetHints":{"allow":["GET"]}}],"collection":[{"href":"https:\/\/www.sudoestehoje.com.br\/novoportal\/wp-json\/wp\/v2\/posts"}],"about":[{"href":"https:\/\/www.sudoestehoje.com.br\/novoportal\/wp-json\/wp\/v2\/types\/post"}],"author":[{"embeddable":true,"href":"https:\/\/www.sudoestehoje.com.br\/novoportal\/wp-json\/wp\/v2\/users\/2"}],"replies":[{"embeddable":true,"href":"https:\/\/www.sudoestehoje.com.br\/novoportal\/wp-json\/wp\/v2\/comments?post=53280"}],"version-history":[{"count":2,"href":"https:\/\/www.sudoestehoje.com.br\/novoportal\/wp-json\/wp\/v2\/posts\/53280\/revisions"}],"predecessor-version":[{"id":53283,"href":"https:\/\/www.sudoestehoje.com.br\/novoportal\/wp-json\/wp\/v2\/posts\/53280\/revisions\/53283"}],"wp:attachment":[{"href":"https:\/\/www.sudoestehoje.com.br\/novoportal\/wp-json\/wp\/v2\/media?parent=53280"}],"wp:term":[{"taxonomy":"category","embeddable":true,"href":"https:\/\/www.sudoestehoje.com.br\/novoportal\/wp-json\/wp\/v2\/categories?post=53280"},{"taxonomy":"post_tag","embeddable":true,"href":"https:\/\/www.sudoestehoje.com.br\/novoportal\/wp-json\/wp\/v2\/tags?post=53280"}],"curies":[{"name":"wp","href":"https:\/\/api.w.org\/{rel}","templated":true}]}}