
{"id":53277,"date":"2015-10-30T21:37:04","date_gmt":"2015-10-31T00:37:04","guid":{"rendered":"http:\/\/www.sudoestehoje.com.br\/novoportal\/?p=53277"},"modified":"2015-10-30T21:37:04","modified_gmt":"2015-10-31T00:37:04","slug":"governo-prepara-alta-de-517-na-energia-e-15-no-preco-da-gasolina","status":"publish","type":"post","link":"https:\/\/www.sudoestehoje.com.br\/novoportal\/2015\/10\/30\/governo-prepara-alta-de-517-na-energia-e-15-no-preco-da-gasolina\/","title":{"rendered":"GOVERNO PREPARA ALTA DE 51,7% NA ENERGIA E 15% NO PRE\u00c7O DA GASOLINA"},"content":{"rendered":"<p><a href=\"http:\/\/www.sudoestehoje.com.br\/novoportal\/wp-content\/uploads\/2015\/10\/GASOLINA-E-LUZ.jpg\"><img loading=\"lazy\" decoding=\"async\" class=\"aligncenter  wp-image-53278\" src=\"http:\/\/www.sudoestehoje.com.br\/novoportal\/wp-content\/uploads\/2015\/10\/GASOLINA-E-LUZ.jpg\" alt=\"GASOLINA E LUZ\" width=\"500\" height=\"280\" \/><\/a><\/p>\n<p>As contas de energia el\u00e9trica devem ficar 51,7% mais caras neste ano, divulgou o Banco Central nesta quinta-feira (29). De acordo com a ata da \u00faltima reuni\u00e3o do Comit\u00ea de Pol\u00edtica Monet\u00e1ria (Copom), a proje\u00e7\u00e3o inclui ainda a varia\u00e7\u00e3o de 15% no pre\u00e7o da gasolina e de 19,9% no botij\u00e3o de g\u00e1s.<\/p>\n<p>A avalia\u00e7\u00e3o considera vari\u00e1veis como componentes sazonais, infla\u00e7\u00e3o de pre\u00e7os livres e infla\u00e7\u00e3o medida pelo \u00cdndice Geral de Pre\u00e7os (IGP). O cen\u00e1rio leva em conta a hip\u00f3tese de manuten\u00e7\u00e3o da taxa de c\u00e2mbio do d\u00f3lar e, R$ 3,85 e a da taca Selic em 14,25% ao ano.<\/p>\n","protected":false},"excerpt":{"rendered":"<p>As contas de energia el\u00e9trica devem ficar 51,7% mais caras neste ano, divulgou o Banco Central nesta quinta-feira (29). De acordo com a ata da \u00faltima reuni\u00e3o do Comit\u00ea de Pol\u00edtica Monet\u00e1ria (Copom), a proje\u00e7\u00e3o inclui ainda a varia\u00e7\u00e3o de 15% no pre\u00e7o da gasolina e de 19,9% no botij\u00e3o de g\u00e1s. A avalia\u00e7\u00e3o considera [&hellip;]<\/p>\n","protected":false},"author":2,"featured_media":0,"comment_status":"open","ping_status":"open","sticky":false,"template":"","format":"standard","meta":{"footnotes":"","_links_to":"","_links_to_target":""},"categories":[1],"tags":[],"class_list":["post-53277","post","type-post","status-publish","format-standard","hentry","category-geral"],"views":1555,"_links":{"self":[{"href":"https:\/\/www.sudoestehoje.com.br\/novoportal\/wp-json\/wp\/v2\/posts\/53277","targetHints":{"allow":["GET"]}}],"collection":[{"href":"https:\/\/www.sudoestehoje.com.br\/novoportal\/wp-json\/wp\/v2\/posts"}],"about":[{"href":"https:\/\/www.sudoestehoje.com.br\/novoportal\/wp-json\/wp\/v2\/types\/post"}],"author":[{"embeddable":true,"href":"https:\/\/www.sudoestehoje.com.br\/novoportal\/wp-json\/wp\/v2\/users\/2"}],"replies":[{"embeddable":true,"href":"https:\/\/www.sudoestehoje.com.br\/novoportal\/wp-json\/wp\/v2\/comments?post=53277"}],"version-history":[{"count":1,"href":"https:\/\/www.sudoestehoje.com.br\/novoportal\/wp-json\/wp\/v2\/posts\/53277\/revisions"}],"predecessor-version":[{"id":53279,"href":"https:\/\/www.sudoestehoje.com.br\/novoportal\/wp-json\/wp\/v2\/posts\/53277\/revisions\/53279"}],"wp:attachment":[{"href":"https:\/\/www.sudoestehoje.com.br\/novoportal\/wp-json\/wp\/v2\/media?parent=53277"}],"wp:term":[{"taxonomy":"category","embeddable":true,"href":"https:\/\/www.sudoestehoje.com.br\/novoportal\/wp-json\/wp\/v2\/categories?post=53277"},{"taxonomy":"post_tag","embeddable":true,"href":"https:\/\/www.sudoestehoje.com.br\/novoportal\/wp-json\/wp\/v2\/tags?post=53277"}],"curies":[{"name":"wp","href":"https:\/\/api.w.org\/{rel}","templated":true}]}}