
{"id":53229,"date":"2015-10-28T07:08:57","date_gmt":"2015-10-28T10:08:57","guid":{"rendered":"http:\/\/www.sudoestehoje.com.br\/novoportal\/?p=53229"},"modified":"2015-10-28T07:18:49","modified_gmt":"2015-10-28T10:18:49","slug":"bens-de-alecio-chaves-e-ze-carlos-sao-bloqueados-pela-justica","status":"publish","type":"post","link":"https:\/\/www.sudoestehoje.com.br\/novoportal\/2015\/10\/28\/bens-de-alecio-chaves-e-ze-carlos-sao-bloqueados-pela-justica\/","title":{"rendered":"BENS DE AL\u00c9CIO CHAVES E Z\u00c9 CARLOS S\u00c3O BLOQUEADOS PELA JUSTI\u00c7A"},"content":{"rendered":"<p><a href=\"http:\/\/www.sudoestehoje.com.br\/novoportal\/wp-content\/uploads\/2015\/10\/z\u00e9-carlos-e-al\u00e9cio-chaves-500x335.jpg\"><img loading=\"lazy\" decoding=\"async\" class=\"aligncenter size-medium wp-image-53231\" src=\"http:\/\/www.sudoestehoje.com.br\/novoportal\/wp-content\/uploads\/2015\/10\/z\u00e9-carlos-e-al\u00e9cio-chaves-500x335-500x335.jpg\" alt=\"z\u00e9-carlos-e-al\u00e9cio-chaves-500x335\" width=\"500\" height=\"335\" \/><\/a><\/p>\n<p><strong><em>Por Davi Ferraz<\/em><\/strong><\/p>\n<p>ITAPETINGA &#8211; Atrav\u00e9s de uma A\u00e7\u00e3o Civil P\u00fablica por Ato de Improbidade Administrativa (Proc. n\u00ba 0305100-33.2015.8.05.0126), proposta pelo Minist\u00e9rio P\u00fablico do Estado da Bahia, a Juiza da 1\u00aa Vara C\u00edvel de Itapetinga, Dra. Fernanda Maria de Ara\u00fajo Mello, determinou o bloqueio dos bens do vice-prefeito de Itapetinga, Al\u00e9cio Silva Chaves, at\u00e9 o limite de R$ 230 mil reais, e do prefeito Jos\u00e9 Carlos Cruz Cerqueira Moura, caso os bens de Al\u00e9cio Chaves sejam insuficientes, at\u00e9 completar este valor.<\/p>\n<p>A a\u00e7\u00e3o movida pelo MP contra Al\u00e9cio e Z\u00e9 Carlos teve origem atrav\u00e9s de uma representa\u00e7\u00e3o do editor do Blog Sudoeste Hoje, Rivadavia Ferraz Junior (Davi Ferraz), que denunciou em 2012 o ac\u00famulo de fun\u00e7\u00f5es pelo ent\u00e3o secret\u00e1rio de Educa\u00e7\u00e3o Al\u00e9cio Chaves, que n\u00e3o havia se afastado do cargo de professor da rede estadual, para exercer o cargo de secret\u00e1rio municipal, como determina a lei.<\/p>\n<p>Na \u00e9poca, a representa\u00e7\u00e3o foi engavetada por um promotor que mantinha forte liga\u00e7\u00e3o com a administra\u00e7\u00e3o municipal, e o seu autor, Davi Ferraz, chegou a ser processado por Al\u00e9cio Chaves, por supostos &#8216;Danos Morais, Cal\u00fania e Difama\u00e7\u00e3o&#8221;. Mas neste ano de 2015, a den\u00fancia foi desengavetada pelo promotor Gean Carlos Le\u00e3o, que moveu a a\u00e7\u00e3o contra o atual vice-prefeito, estendendo tamb\u00e9m ao prefeito Jos\u00e9 Carlos Moura, respons\u00e1vel pela sua nomea\u00e7\u00e3o para o cargo de secret\u00e1rio e conivente com a gritante ilegalidade.<\/p>\n<p>A Ju\u00edza determinou a cita\u00e7\u00e3o dos r\u00e9us e deferiu a medida liminar requerida pelo promotor, oficiando aos cart\u00f3rios de registro de im\u00f3veis, Banco Central (via Bacem-Jud) e Detran, solicitando a penhora de bens, valores e ve\u00edculos em nome de Al\u00e9cio Chaves, e tamb\u00e9m do prefeito Z\u00e9 Carlos, caso os bens de Al\u00e9cio n\u00e3o cubram o valor de R$ 230 mil reais, estipulado para cobrir o er\u00e1rio p\u00fablico, pelo recebimento indevido de sal\u00e1rios junto ao Estado e Munic\u00edpio.<\/p>\n<p>Confira documentos da a\u00e7\u00e3o:<\/p>\n<div id=\"attachment_53234\" style=\"width: 510px\" class=\"wp-caption aligncenter\"><a href=\"http:\/\/www.sudoestehoje.com.br\/novoportal\/wp-content\/uploads\/2015\/10\/MANDADO-NOTIFICA\u00c7\u00c3O.jpg\"><img loading=\"lazy\" decoding=\"async\" aria-describedby=\"caption-attachment-53234\" class=\"size-medium wp-image-53234\" src=\"http:\/\/www.sudoestehoje.com.br\/novoportal\/wp-content\/uploads\/2015\/10\/MANDADO-NOTIFICA\u00c7\u00c3O-500x300.jpg\" alt=\"MANDADO DE NOTIFICA\u00c7\u00c3O DE AL\u00c9CIO E Z\u00c9 CARLOS\" width=\"500\" height=\"300\" srcset=\"https:\/\/www.sudoestehoje.com.br\/novoportal\/wp-content\/uploads\/2015\/10\/MANDADO-NOTIFICA\u00c7\u00c3O-500x300.jpg 500w, https:\/\/www.sudoestehoje.com.br\/novoportal\/wp-content\/uploads\/2015\/10\/MANDADO-NOTIFICA\u00c7\u00c3O-700x420.jpg 700w, https:\/\/www.sudoestehoje.com.br\/novoportal\/wp-content\/uploads\/2015\/10\/MANDADO-NOTIFICA\u00c7\u00c3O.jpg 960w\" sizes=\"auto, (max-width: 500px) 100vw, 500px\" \/><\/a><p id=\"caption-attachment-53234\" class=\"wp-caption-text\">MANDADO DE NOTIFICA\u00c7\u00c3O DE AL\u00c9CIO E Z\u00c9 CARLOS<\/p><\/div>\n<div id=\"attachment_53233\" style=\"width: 510px\" class=\"wp-caption aligncenter\"><a href=\"http:\/\/www.sudoestehoje.com.br\/novoportal\/wp-content\/uploads\/2015\/10\/MANDADO-PENHORA.jpg\"><img loading=\"lazy\" decoding=\"async\" aria-describedby=\"caption-attachment-53233\" class=\"size-medium wp-image-53233\" src=\"http:\/\/www.sudoestehoje.com.br\/novoportal\/wp-content\/uploads\/2015\/10\/MANDADO-PENHORA-500x300.jpg\" alt=\"MANDADO DE PENHORA - \u00daLTIMA P\u00c1GINA \" width=\"500\" height=\"300\" srcset=\"https:\/\/www.sudoestehoje.com.br\/novoportal\/wp-content\/uploads\/2015\/10\/MANDADO-PENHORA-500x300.jpg 500w, https:\/\/www.sudoestehoje.com.br\/novoportal\/wp-content\/uploads\/2015\/10\/MANDADO-PENHORA-700x420.jpg 700w, https:\/\/www.sudoestehoje.com.br\/novoportal\/wp-content\/uploads\/2015\/10\/MANDADO-PENHORA.jpg 960w\" sizes=\"auto, (max-width: 500px) 100vw, 500px\" \/><\/a><p id=\"caption-attachment-53233\" class=\"wp-caption-text\">MANDADO DE PENHORA &#8211; \u00daLTIMA P\u00c1GINA<\/p><\/div>\n<div id=\"attachment_53232\" style=\"width: 430px\" class=\"wp-caption aligncenter\"><a href=\"http:\/\/www.sudoestehoje.com.br\/novoportal\/wp-content\/uploads\/2015\/10\/a\u00e7\u00e3o-MP.jpg\"><img loading=\"lazy\" decoding=\"async\" aria-describedby=\"caption-attachment-53232\" class=\"size-medium wp-image-53232\" src=\"http:\/\/www.sudoestehoje.com.br\/novoportal\/wp-content\/uploads\/2015\/10\/a\u00e7\u00e3o-MP-420x700.jpg\" alt=\"PETI\u00c7\u00c3O DO MINIST\u00c9RIO P\u00daBLICO\" width=\"420\" height=\"700\" srcset=\"https:\/\/www.sudoestehoje.com.br\/novoportal\/wp-content\/uploads\/2015\/10\/a\u00e7\u00e3o-MP-420x700.jpg 420w, https:\/\/www.sudoestehoje.com.br\/novoportal\/wp-content\/uploads\/2015\/10\/a\u00e7\u00e3o-MP-540x900.jpg 540w, https:\/\/www.sudoestehoje.com.br\/novoportal\/wp-content\/uploads\/2015\/10\/a\u00e7\u00e3o-MP.jpg 576w\" sizes=\"auto, (max-width: 420px) 100vw, 420px\" \/><\/a><p id=\"caption-attachment-53232\" class=\"wp-caption-text\">PETI\u00c7\u00c3O DO MINIST\u00c9RIO P\u00daBLICO &#8211; 1\u00aa P\u00c1GINA<\/p><\/div>\n<p>&nbsp;<\/p>\n","protected":false},"excerpt":{"rendered":"<p>Por Davi Ferraz ITAPETINGA &#8211; Atrav\u00e9s de uma A\u00e7\u00e3o Civil P\u00fablica por Ato de Improbidade Administrativa (Proc. n\u00ba 0305100-33.2015.8.05.0126), proposta pelo Minist\u00e9rio P\u00fablico do Estado da Bahia, a Juiza da 1\u00aa Vara C\u00edvel de Itapetinga, Dra. Fernanda Maria de Ara\u00fajo Mello, determinou o bloqueio dos bens do vice-prefeito de Itapetinga, Al\u00e9cio Silva Chaves, at\u00e9 o [&hellip;]<\/p>\n","protected":false},"author":2,"featured_media":0,"comment_status":"open","ping_status":"open","sticky":false,"template":"","format":"standard","meta":{"footnotes":"","_links_to":"","_links_to_target":""},"categories":[1],"tags":[],"class_list":["post-53229","post","type-post","status-publish","format-standard","hentry","category-geral"],"views":3505,"_links":{"self":[{"href":"https:\/\/www.sudoestehoje.com.br\/novoportal\/wp-json\/wp\/v2\/posts\/53229","targetHints":{"allow":["GET"]}}],"collection":[{"href":"https:\/\/www.sudoestehoje.com.br\/novoportal\/wp-json\/wp\/v2\/posts"}],"about":[{"href":"https:\/\/www.sudoestehoje.com.br\/novoportal\/wp-json\/wp\/v2\/types\/post"}],"author":[{"embeddable":true,"href":"https:\/\/www.sudoestehoje.com.br\/novoportal\/wp-json\/wp\/v2\/users\/2"}],"replies":[{"embeddable":true,"href":"https:\/\/www.sudoestehoje.com.br\/novoportal\/wp-json\/wp\/v2\/comments?post=53229"}],"version-history":[{"count":5,"href":"https:\/\/www.sudoestehoje.com.br\/novoportal\/wp-json\/wp\/v2\/posts\/53229\/revisions"}],"predecessor-version":[{"id":53238,"href":"https:\/\/www.sudoestehoje.com.br\/novoportal\/wp-json\/wp\/v2\/posts\/53229\/revisions\/53238"}],"wp:attachment":[{"href":"https:\/\/www.sudoestehoje.com.br\/novoportal\/wp-json\/wp\/v2\/media?parent=53229"}],"wp:term":[{"taxonomy":"category","embeddable":true,"href":"https:\/\/www.sudoestehoje.com.br\/novoportal\/wp-json\/wp\/v2\/categories?post=53229"},{"taxonomy":"post_tag","embeddable":true,"href":"https:\/\/www.sudoestehoje.com.br\/novoportal\/wp-json\/wp\/v2\/tags?post=53229"}],"curies":[{"name":"wp","href":"https:\/\/api.w.org\/{rel}","templated":true}]}}