
{"id":53220,"date":"2015-10-27T11:30:04","date_gmt":"2015-10-27T14:30:04","guid":{"rendered":"http:\/\/www.sudoestehoje.com.br\/novoportal\/?p=53220"},"modified":"2015-10-27T11:30:04","modified_gmt":"2015-10-27T14:30:04","slug":"herzem-gusmao-se-reune-com-secretario-da-educacao-de-salvador","status":"publish","type":"post","link":"https:\/\/www.sudoestehoje.com.br\/novoportal\/2015\/10\/27\/herzem-gusmao-se-reune-com-secretario-da-educacao-de-salvador\/","title":{"rendered":"HERZEM GUSM\u00c3O SE RE\u00daNE COM SECRET\u00c1RIO DA EDUCA\u00c7\u00c3O DE SALVADOR"},"content":{"rendered":"<p><a href=\"http:\/\/www.sudoestehoje.com.br\/novoportal\/wp-content\/uploads\/2015\/10\/HERZEM-E-SECRE.jpg\"><img loading=\"lazy\" decoding=\"async\" class=\"aligncenter size-medium wp-image-53221\" src=\"http:\/\/www.sudoestehoje.com.br\/novoportal\/wp-content\/uploads\/2015\/10\/HERZEM-E-SECRE-500x281.jpg\" alt=\"HERZEM E SECRE\" width=\"500\" height=\"281\" srcset=\"https:\/\/www.sudoestehoje.com.br\/novoportal\/wp-content\/uploads\/2015\/10\/HERZEM-E-SECRE-500x281.jpg 500w, https:\/\/www.sudoestehoje.com.br\/novoportal\/wp-content\/uploads\/2015\/10\/HERZEM-E-SECRE-700x394.jpg 700w, https:\/\/www.sudoestehoje.com.br\/novoportal\/wp-content\/uploads\/2015\/10\/HERZEM-E-SECRE.jpg 1600w\" sizes=\"auto, (max-width: 500px) 100vw, 500px\" \/><\/a><\/p>\n<p>Em visita ao secret\u00e1rio Guilherme Bellintani (Educa\u00e7\u00e3o), o deputado Herzem Gusm\u00e3o elogiou o Programa Agente da Educa\u00e7\u00e3o, lan\u00e7ado recentemente pela Prefeitura de Salvador e que visa a aproxima\u00e7\u00e3o entre as unidades de ensino e as fam\u00edlias dos alunos. Parte do Programa Combinado da Secretaria de Educa\u00e7\u00e3o, o Agente da Educa\u00e7\u00e3o consiste no acompanhamento da vida escolar e do envolvimento de alunos, pais e comunidade nas atividades realizadas pela escola. Um dos objetivos \u00e9 combater a evas\u00e3o escolar e dificuldades de aprendizagem. Para isso, a Prefeitura vai at\u00e9 a casa dos estudantes que passem por esses problemas.<\/p>\n<p>\u201cFiquei entusiasmado com as ideias do secret\u00e1rio e com os projetos que est\u00e3o sendo desenvolvidos pelo prefeito ACM Neto, que tem realizado uma gest\u00e3o modernizadora em Salvador\u201d, afirmou Herzem Gusm\u00e3o. Durante a conversa, Guilherme Bellintani falou tamb\u00e9m da parceria entre o munic\u00edpio e o Instituto Ayrton Senna. A parceria \u00e9 para recuperar cerca de 100 mil alunos que est\u00e3o com distor\u00e7\u00e3o em suas s\u00e9ries. No total, 82% dos estudantes j\u00e1 voltaram para as suas s\u00e9ries normais e a meta e zerar todas as distor\u00e7\u00f5es at\u00e9 2017. \u201cO investimento em educa\u00e7\u00e3oo \u00e9 a melhor alternativa para o desenvolvimento da Bahia e do Brasil\u201d, disse Gusm\u00e3o.<\/p>\n<p><img decoding=\"async\" class=\"aligncenter\" src=\"http:\/\/img.blogdoanderson.com\/publicidade\/cristo-redentor-02-15.jpg\" alt=\"\" \/><\/p>\n","protected":false},"excerpt":{"rendered":"<p>Em visita ao secret\u00e1rio Guilherme Bellintani (Educa\u00e7\u00e3o), o deputado Herzem Gusm\u00e3o elogiou o Programa Agente da Educa\u00e7\u00e3o, lan\u00e7ado recentemente pela Prefeitura de Salvador e que visa a aproxima\u00e7\u00e3o entre as unidades de ensino e as fam\u00edlias dos alunos. Parte do Programa Combinado da Secretaria de Educa\u00e7\u00e3o, o Agente da Educa\u00e7\u00e3o consiste no acompanhamento da vida [&hellip;]<\/p>\n","protected":false},"author":2,"featured_media":0,"comment_status":"open","ping_status":"open","sticky":false,"template":"","format":"standard","meta":{"footnotes":"","_links_to":"","_links_to_target":""},"categories":[1],"tags":[],"class_list":["post-53220","post","type-post","status-publish","format-standard","hentry","category-geral"],"views":1321,"_links":{"self":[{"href":"https:\/\/www.sudoestehoje.com.br\/novoportal\/wp-json\/wp\/v2\/posts\/53220","targetHints":{"allow":["GET"]}}],"collection":[{"href":"https:\/\/www.sudoestehoje.com.br\/novoportal\/wp-json\/wp\/v2\/posts"}],"about":[{"href":"https:\/\/www.sudoestehoje.com.br\/novoportal\/wp-json\/wp\/v2\/types\/post"}],"author":[{"embeddable":true,"href":"https:\/\/www.sudoestehoje.com.br\/novoportal\/wp-json\/wp\/v2\/users\/2"}],"replies":[{"embeddable":true,"href":"https:\/\/www.sudoestehoje.com.br\/novoportal\/wp-json\/wp\/v2\/comments?post=53220"}],"version-history":[{"count":2,"href":"https:\/\/www.sudoestehoje.com.br\/novoportal\/wp-json\/wp\/v2\/posts\/53220\/revisions"}],"predecessor-version":[{"id":53223,"href":"https:\/\/www.sudoestehoje.com.br\/novoportal\/wp-json\/wp\/v2\/posts\/53220\/revisions\/53223"}],"wp:attachment":[{"href":"https:\/\/www.sudoestehoje.com.br\/novoportal\/wp-json\/wp\/v2\/media?parent=53220"}],"wp:term":[{"taxonomy":"category","embeddable":true,"href":"https:\/\/www.sudoestehoje.com.br\/novoportal\/wp-json\/wp\/v2\/categories?post=53220"},{"taxonomy":"post_tag","embeddable":true,"href":"https:\/\/www.sudoestehoje.com.br\/novoportal\/wp-json\/wp\/v2\/tags?post=53220"}],"curies":[{"name":"wp","href":"https:\/\/api.w.org\/{rel}","templated":true}]}}