
{"id":5322,"date":"2011-05-30T00:12:01","date_gmt":"2011-05-30T03:12:01","guid":{"rendered":"http:\/\/www.sudoestehoje.com.br\/novoportal\/?p=5322"},"modified":"2011-05-30T00:12:01","modified_gmt":"2011-05-30T03:12:01","slug":"itapetinga-boatos-sobre-candidatura-de-rosemberg-ainda-preocupam-ze-carlos","status":"publish","type":"post","link":"https:\/\/www.sudoestehoje.com.br\/novoportal\/2011\/05\/30\/itapetinga-boatos-sobre-candidatura-de-rosemberg-ainda-preocupam-ze-carlos\/","title":{"rendered":"ITAPETINGA: BOATOS SOBRE CANDIDATURA DE ROSEMBERG AINDA PREOCUPAM Z\u00c9 CARLOS"},"content":{"rendered":"<p style=\"text-align: center;\"><img decoding=\"async\" src=\"http:\/\/api.ning.com\/files\/yGlnqUoOEwLUz925LAkL-05gRI6DjmHrObuo8ITZQ2ILAIqNxc37Je1YH18qtQ9ekkwuTM4jduFMywXH62OXQqRvO75fJRgX\/nw_preocupado.jpg\" alt=\"\" \/><\/p>\n<p style=\"text-align: center;\"><em><strong>Especula\u00e7\u00f5es dentro do PT ainda mexem com o humor do prefeito<\/strong><\/em>\u00a0<\/p>\n<p>\u00a0<\/p>\n<p>ITAPETINGA: Na semana passada, uma not\u00edcia tirou o sono do prefeito de Itapetinga, Jos\u00e9 Carlos Moura: as especula\u00e7\u00f5es a respeito de uma prov\u00e1vel candidatura de Rosemberg Pinto \u00e0 prefeitura de Itapetinga. Na tentativa de minimizar a not\u00edcia, Z\u00e9 Carlos come\u00e7ou a falar pelos cotovelos, sem que ningu\u00e9m lhe perguntasse sobre o assunto.<\/p>\n<p>Na\u00a0posse da Executiva do PT, na presen\u00e7a do pr\u00f3prio Rosemberg,\u00a0o\u00a0preocupado Z\u00e9 Carlos tentou desmentir a not\u00edcia e atacou a imprensa independente de Itapetinga, dando na pinta que anda inseguro quanto ao seu futuro dentro do PT. Rosemberg, que n\u00e3o \u00e9 bicho de se criar solto,\u00a0fez &#8216;ouvido de mercador&#8217; e n\u00e3o disse nem que sim, nem que n\u00e3o, mas os antigos petistas, amigos de Rosemberg,\u00a0gostaram muito da id\u00e9ia\u00a0e n\u00e3o falam mais em outra coisa.\u00a0\u00a0<\/p>\n<p>Em entrevista concedida ao Blog do Anderson, de Vit\u00f3ria da Conquista, Z\u00e9 Carlos voltou a falar do assunto, sem que nada lhe fosse perguntado, demonstrando que ainda n\u00e3o digeriu a not\u00edcia da sua substitui\u00e7\u00e3o por Rosemberg, na elei\u00e7\u00e3o do ano que vem. Veja o que ele disse na entrevista:<\/p>\n<p><em>&#8220;Segundo o prefeito de Itapetinga, Jos\u00e9 Carlos Moura (PT), as not\u00edcias em que divulgam a poss\u00edvel candidatura do deputado federal Rosenberg Pinto (PT) \u00e0 Prefeitura de Itapetinga e a sua mudan\u00e7a de partido n\u00e3o passam de boatos.\u00a0O prefeito afirmou que\u00a0tais informa\u00e7\u00f5es v\u00eam sendo criadas por alguns \u00f3rg\u00e3os da imprensa itapetinguese, e classificou como uma atitude\u00a0irrespons\u00e1vel. Sobre 2012, o petista disse que estar\u00e1 encabe\u00e7ando a chapa rumo \u00e0 reelei\u00e7\u00e3o, e para isso vem articulando apoios com toda a base aliada.&#8221;<\/em><\/p>\n<p>Se servir de consolo, prefeito,\u00a0h\u00e1 quem diga que Rosemberg\u00a0cobi\u00e7a tamb\u00e9m as prefeituras de Cair\u00fa, Camam\u00fa e S\u00e3o Francisco do Conde, a &#8216;menina dos seus olhos&#8217;. S\u00f3 que l\u00e1, o buraco \u00e9 mais embaixo.<\/p>\n<p><strong><em>Por DAVI FERRAZ<\/em><\/strong><\/p>\n","protected":false},"excerpt":{"rendered":"<p>Especula\u00e7\u00f5es dentro do PT ainda mexem com o humor do prefeito\u00a0 \u00a0 ITAPETINGA: Na semana passada, uma not\u00edcia tirou o sono do prefeito de Itapetinga, Jos\u00e9 Carlos Moura: as especula\u00e7\u00f5es a respeito de uma prov\u00e1vel candidatura de Rosemberg Pinto \u00e0 prefeitura de Itapetinga. Na tentativa de minimizar a not\u00edcia, Z\u00e9 Carlos come\u00e7ou a falar pelos [&hellip;]<\/p>\n","protected":false},"author":2,"featured_media":0,"comment_status":"open","ping_status":"open","sticky":false,"template":"","format":"standard","meta":{"footnotes":"","_links_to":"","_links_to_target":""},"categories":[1],"tags":[],"class_list":["post-5322","post","type-post","status-publish","format-standard","hentry","category-geral"],"views":1593,"_links":{"self":[{"href":"https:\/\/www.sudoestehoje.com.br\/novoportal\/wp-json\/wp\/v2\/posts\/5322","targetHints":{"allow":["GET"]}}],"collection":[{"href":"https:\/\/www.sudoestehoje.com.br\/novoportal\/wp-json\/wp\/v2\/posts"}],"about":[{"href":"https:\/\/www.sudoestehoje.com.br\/novoportal\/wp-json\/wp\/v2\/types\/post"}],"author":[{"embeddable":true,"href":"https:\/\/www.sudoestehoje.com.br\/novoportal\/wp-json\/wp\/v2\/users\/2"}],"replies":[{"embeddable":true,"href":"https:\/\/www.sudoestehoje.com.br\/novoportal\/wp-json\/wp\/v2\/comments?post=5322"}],"version-history":[{"count":6,"href":"https:\/\/www.sudoestehoje.com.br\/novoportal\/wp-json\/wp\/v2\/posts\/5322\/revisions"}],"predecessor-version":[{"id":5328,"href":"https:\/\/www.sudoestehoje.com.br\/novoportal\/wp-json\/wp\/v2\/posts\/5322\/revisions\/5328"}],"wp:attachment":[{"href":"https:\/\/www.sudoestehoje.com.br\/novoportal\/wp-json\/wp\/v2\/media?parent=5322"}],"wp:term":[{"taxonomy":"category","embeddable":true,"href":"https:\/\/www.sudoestehoje.com.br\/novoportal\/wp-json\/wp\/v2\/categories?post=5322"},{"taxonomy":"post_tag","embeddable":true,"href":"https:\/\/www.sudoestehoje.com.br\/novoportal\/wp-json\/wp\/v2\/tags?post=5322"}],"curies":[{"name":"wp","href":"https:\/\/api.w.org\/{rel}","templated":true}]}}