
{"id":532,"date":"2010-07-20T20:33:47","date_gmt":"2010-07-20T23:33:47","guid":{"rendered":"http:\/\/sudoestehoje.tempsite.ws\/novoportal\/?p=532"},"modified":"2010-09-22T16:34:08","modified_gmt":"2010-09-22T19:34:08","slug":"sandro-regis-participa-de-caminhada-em-itabuna","status":"publish","type":"post","link":"https:\/\/www.sudoestehoje.com.br\/novoportal\/2010\/07\/20\/sandro-regis-participa-de-caminhada-em-itabuna\/","title":{"rendered":"SANDRO REGIS PARTICIPA DE CAMINHADA EM ITABUNA"},"content":{"rendered":"<div>\n<p><a rel=\"nofollow\" href=\"http:\/\/www.sandroregis22220.com.br\/wp-content\/uploads\/2010\/07\/fotoPrincipal.jpg\" target=\"_blank\"><span style=\"color: #e30613; font-size: large;\"><img loading=\"lazy\" decoding=\"async\" title=\"fotoPrincipal\" src=\"http:\/\/www.sandroregis22220.com.br\/wp-content\/uploads\/2010\/07\/fotoPrincipal-300x225.jpg\" border=\"0\" alt=\"\" width=\"300\" height=\"225\" \/><\/span><\/a><\/p>\n<p>O  Deputado Estadual e candidato a reelei\u00e7\u00e3o, Sandro R\u00e9gis, participou, no  \u00faltimo s\u00e1bado (17.07), de\u00a0 caminhada no Munic\u00edpio de Itabuna ao lado do  Deputado Federal ACM Neto com quem faz dobradinha no munic\u00edpio. A  caminhada contou com a presen\u00e7a do\u00a0 candidato ao Governo do Estado,  Paulo Souto, do Deputado Federal e atual candidato ao Senado, Jos\u00e9  Carlos Aleluia,\u00a0\u00a0do Ex-Governador e candidato a Vice-Governador, Nilo  Coelho e da Presidente do Democratas de Itabuna, Maria Alice,\u00a0que est\u00e1  coordenando sua campanha a Reelei\u00e7\u00e3o na regi\u00e3o de Itabuna, al\u00e9m de  lideran\u00e7as pol\u00edticas da regi\u00e3o, a concentra\u00e7\u00e3o foi\u00a0no Jardim do \u00d3,  passando pela Avenida Centen\u00e1rio com encerramento na Pra\u00e7a Adami.<\/p>\n<\/div>\n","protected":false},"excerpt":{"rendered":"<p>O Deputado Estadual e candidato a reelei\u00e7\u00e3o, Sandro R\u00e9gis, participou, no \u00faltimo s\u00e1bado (17.07), de\u00a0 caminhada no Munic\u00edpio de Itabuna ao lado do Deputado Federal ACM Neto com quem faz dobradinha no munic\u00edpio. A caminhada contou com a presen\u00e7a do\u00a0 candidato ao Governo do Estado, Paulo Souto, do Deputado Federal e atual candidato ao Senado, [&hellip;]<\/p>\n","protected":false},"author":1,"featured_media":0,"comment_status":"open","ping_status":"open","sticky":false,"template":"","format":"standard","meta":{"footnotes":"","_links_to":"","_links_to_target":""},"categories":[1],"tags":[],"class_list":["post-532","post","type-post","status-publish","format-standard","hentry","category-geral"],"views":1267,"_links":{"self":[{"href":"https:\/\/www.sudoestehoje.com.br\/novoportal\/wp-json\/wp\/v2\/posts\/532","targetHints":{"allow":["GET"]}}],"collection":[{"href":"https:\/\/www.sudoestehoje.com.br\/novoportal\/wp-json\/wp\/v2\/posts"}],"about":[{"href":"https:\/\/www.sudoestehoje.com.br\/novoportal\/wp-json\/wp\/v2\/types\/post"}],"author":[{"embeddable":true,"href":"https:\/\/www.sudoestehoje.com.br\/novoportal\/wp-json\/wp\/v2\/users\/1"}],"replies":[{"embeddable":true,"href":"https:\/\/www.sudoestehoje.com.br\/novoportal\/wp-json\/wp\/v2\/comments?post=532"}],"version-history":[{"count":1,"href":"https:\/\/www.sudoestehoje.com.br\/novoportal\/wp-json\/wp\/v2\/posts\/532\/revisions"}],"predecessor-version":[{"id":533,"href":"https:\/\/www.sudoestehoje.com.br\/novoportal\/wp-json\/wp\/v2\/posts\/532\/revisions\/533"}],"wp:attachment":[{"href":"https:\/\/www.sudoestehoje.com.br\/novoportal\/wp-json\/wp\/v2\/media?parent=532"}],"wp:term":[{"taxonomy":"category","embeddable":true,"href":"https:\/\/www.sudoestehoje.com.br\/novoportal\/wp-json\/wp\/v2\/categories?post=532"},{"taxonomy":"post_tag","embeddable":true,"href":"https:\/\/www.sudoestehoje.com.br\/novoportal\/wp-json\/wp\/v2\/tags?post=532"}],"curies":[{"name":"wp","href":"https:\/\/api.w.org\/{rel}","templated":true}]}}