
{"id":53182,"date":"2015-10-26T12:37:17","date_gmt":"2015-10-26T15:37:17","guid":{"rendered":"http:\/\/www.sudoestehoje.com.br\/novoportal\/?p=53182"},"modified":"2015-10-26T13:38:12","modified_gmt":"2015-10-26T16:38:12","slug":"itapetinga-professores-do-topa-nao-recebem-salario-ha-5-meses","status":"publish","type":"post","link":"https:\/\/www.sudoestehoje.com.br\/novoportal\/2015\/10\/26\/itapetinga-professores-do-topa-nao-recebem-salario-ha-5-meses\/","title":{"rendered":"ITAPETINGA: PROFESSORES DO TOPA N\u00c3O RECEBEM SAL\u00c1RIO H\u00c1 5 MESES"},"content":{"rendered":"<p><a href=\"http:\/\/www.sudoestehoje.com.br\/novoportal\/wp-content\/uploads\/2015\/10\/topa.jpg\"><img loading=\"lazy\" decoding=\"async\" class=\"aligncenter  wp-image-53183\" src=\"http:\/\/www.sudoestehoje.com.br\/novoportal\/wp-content\/uploads\/2015\/10\/topa.jpg\" alt=\"topa\" width=\"499\" height=\"368\" \/><\/a><\/p>\n<p>Sem maiores explica\u00e7\u00f5es, a Secretaria Municipal de Educa\u00e7\u00e3o de Itapetinga n\u00e3o vem efetuando o pagamento dos sal\u00e1rios ao pessoal do TOPA &#8211; Todos pela Alfabetiza\u00e7\u00e3o, h\u00e1 cerca de 5 meses, o que vem gerando revolta e indigna\u00e7\u00e3o entre os profissionais da educa\u00e7\u00e3o que trabalha no programa do Governo Federal.<\/p>\n<p>Segundo a coordena\u00e7\u00e3o do Topa em Salvador, as verbas destinadas aos munic\u00edpios que integram o programa est\u00e3o sendo repassadas regularmente, o que n\u00e3o bate com as informa\u00e7\u00f5es da Secretaria Municipal de Educa\u00e7\u00e3o.<\/p>\n<p>Para piorar ainda mais a situa\u00e7\u00e3o dos professores, existe uma press\u00e3o por parte da coordena\u00e7\u00e3o local para que eles banquem, com recursos pr\u00f3prios, as festas mensais que s\u00e3o feitas para os alunos, sob amea\u00e7a de demiss\u00e3o.<\/p>\n<p>Pelo visto, os professores do Topa ent\u00e3o, literalmente, pagando para trabalhar. Absurdo!<\/p>\n<p><strong><em>Por Davi Ferraz<\/em><\/strong><\/p>\n<p><img decoding=\"async\" class=\"aligncenter\" src=\"http:\/\/www.sudoestehoje.com.br\/novoportal\/wp-content\/uploads\/2015\/05\/rezende-500x163-500x163.jpg\" alt=\"rezende-500x163\" \/><\/p>\n","protected":false},"excerpt":{"rendered":"<p>Sem maiores explica\u00e7\u00f5es, a Secretaria Municipal de Educa\u00e7\u00e3o de Itapetinga n\u00e3o vem efetuando o pagamento dos sal\u00e1rios ao pessoal do TOPA &#8211; Todos pela Alfabetiza\u00e7\u00e3o, h\u00e1 cerca de 5 meses, o que vem gerando revolta e indigna\u00e7\u00e3o entre os profissionais da educa\u00e7\u00e3o que trabalha no programa do Governo Federal. Segundo a coordena\u00e7\u00e3o do Topa em [&hellip;]<\/p>\n","protected":false},"author":2,"featured_media":0,"comment_status":"open","ping_status":"open","sticky":false,"template":"","format":"standard","meta":{"footnotes":"","_links_to":"","_links_to_target":""},"categories":[1],"tags":[],"class_list":["post-53182","post","type-post","status-publish","format-standard","hentry","category-geral"],"views":2732,"_links":{"self":[{"href":"https:\/\/www.sudoestehoje.com.br\/novoportal\/wp-json\/wp\/v2\/posts\/53182","targetHints":{"allow":["GET"]}}],"collection":[{"href":"https:\/\/www.sudoestehoje.com.br\/novoportal\/wp-json\/wp\/v2\/posts"}],"about":[{"href":"https:\/\/www.sudoestehoje.com.br\/novoportal\/wp-json\/wp\/v2\/types\/post"}],"author":[{"embeddable":true,"href":"https:\/\/www.sudoestehoje.com.br\/novoportal\/wp-json\/wp\/v2\/users\/2"}],"replies":[{"embeddable":true,"href":"https:\/\/www.sudoestehoje.com.br\/novoportal\/wp-json\/wp\/v2\/comments?post=53182"}],"version-history":[{"count":2,"href":"https:\/\/www.sudoestehoje.com.br\/novoportal\/wp-json\/wp\/v2\/posts\/53182\/revisions"}],"predecessor-version":[{"id":53185,"href":"https:\/\/www.sudoestehoje.com.br\/novoportal\/wp-json\/wp\/v2\/posts\/53182\/revisions\/53185"}],"wp:attachment":[{"href":"https:\/\/www.sudoestehoje.com.br\/novoportal\/wp-json\/wp\/v2\/media?parent=53182"}],"wp:term":[{"taxonomy":"category","embeddable":true,"href":"https:\/\/www.sudoestehoje.com.br\/novoportal\/wp-json\/wp\/v2\/categories?post=53182"},{"taxonomy":"post_tag","embeddable":true,"href":"https:\/\/www.sudoestehoje.com.br\/novoportal\/wp-json\/wp\/v2\/tags?post=53182"}],"curies":[{"name":"wp","href":"https:\/\/api.w.org\/{rel}","templated":true}]}}