
{"id":53176,"date":"2015-10-26T09:18:11","date_gmt":"2015-10-26T12:18:11","guid":{"rendered":"http:\/\/www.sudoestehoje.com.br\/novoportal\/?p=53176"},"modified":"2015-10-26T09:23:36","modified_gmt":"2015-10-26T12:23:36","slug":"batalha-de-som-alto-resulta-em-briga-de-facao-na-serra-do-marcal","status":"publish","type":"post","link":"https:\/\/www.sudoestehoje.com.br\/novoportal\/2015\/10\/26\/batalha-de-som-alto-resulta-em-briga-de-facao-na-serra-do-marcal\/","title":{"rendered":"&#8220;BATALHA DE SOM ALTO&#8221; RESULTA EM BRIGA DE FAC\u00c3O NA SERRA DO MAR\u00c7AL"},"content":{"rendered":"<p><a href=\"http:\/\/www.sudoestehoje.com.br\/novoportal\/wp-content\/uploads\/2015\/10\/p\u00e9-do-mar\u00e7al1.png\"><img loading=\"lazy\" decoding=\"async\" class=\"aligncenter  wp-image-53178\" src=\"http:\/\/www.sudoestehoje.com.br\/novoportal\/wp-content\/uploads\/2015\/10\/p\u00e9-do-mar\u00e7al1-500x246.png\" alt=\"p\u00e9 do mar\u00e7al\" width=\"500\" height=\"246\" srcset=\"https:\/\/www.sudoestehoje.com.br\/novoportal\/wp-content\/uploads\/2015\/10\/p\u00e9-do-mar\u00e7al1-500x246.png 500w, https:\/\/www.sudoestehoje.com.br\/novoportal\/wp-content\/uploads\/2015\/10\/p\u00e9-do-mar\u00e7al1-700x345.png 700w, https:\/\/www.sudoestehoje.com.br\/novoportal\/wp-content\/uploads\/2015\/10\/p\u00e9-do-mar\u00e7al1.png 975w\" sizes=\"auto, (max-width: 500px) 100vw, 500px\" \/><\/a><\/p>\n<p>Uma confus\u00e3o por causa de uma disputa de volume em sons automotivos resultou com tr\u00eas feridos a golpes de fac\u00e3o, na noite deste domingo, 26.\u00a0O fato ocorreu na Serra do Mar\u00e7al quando pessoas ouviam m\u00fasicas no som de dois carros. De cada lado um queria mostrar que o seu som era mais potente e a cada instante o volume era aumentado, at\u00e9 que os envolvidos partiram para vias de fato.<\/p>\n<p>Um levou uma mordida e, logo depois, de cada lado um puxou o fac\u00e3o e partiram para cima. Tr\u00eas envolvidos ficaram feridos. Um com escoria\u00e7\u00f5es e a mordida. Os outros dois sofreram cortes profundos na testa e no t\u00f3rax. Todos deram entrada na urg\u00eancia do Hospital de Base.<\/p>\n<p>Apesar da gravidade dos ferimentos, eles n\u00e3o correm risco aparente de morte. Ambos est\u00e3o custodiados na unidade de sa\u00fade. O que sofreu les\u00f5es leves foi apresentado no Disep. <em>Blitz Conquista<\/em><\/p>\n<p><img decoding=\"async\" class=\"aligncenter\" src=\"http:\/\/www.sudoestehoje.com.br\/novoportal\/wp-content\/uploads\/2014\/09\/supermoda.png\" alt=\"supermoda\" \/><\/p>\n","protected":false},"excerpt":{"rendered":"<p>Uma confus\u00e3o por causa de uma disputa de volume em sons automotivos resultou com tr\u00eas feridos a golpes de fac\u00e3o, na noite deste domingo, 26.\u00a0O fato ocorreu na Serra do Mar\u00e7al quando pessoas ouviam m\u00fasicas no som de dois carros. De cada lado um queria mostrar que o seu som era mais potente e a [&hellip;]<\/p>\n","protected":false},"author":2,"featured_media":0,"comment_status":"open","ping_status":"open","sticky":false,"template":"","format":"standard","meta":{"footnotes":"","_links_to":"","_links_to_target":""},"categories":[1],"tags":[],"class_list":["post-53176","post","type-post","status-publish","format-standard","hentry","category-geral"],"views":2555,"_links":{"self":[{"href":"https:\/\/www.sudoestehoje.com.br\/novoportal\/wp-json\/wp\/v2\/posts\/53176","targetHints":{"allow":["GET"]}}],"collection":[{"href":"https:\/\/www.sudoestehoje.com.br\/novoportal\/wp-json\/wp\/v2\/posts"}],"about":[{"href":"https:\/\/www.sudoestehoje.com.br\/novoportal\/wp-json\/wp\/v2\/types\/post"}],"author":[{"embeddable":true,"href":"https:\/\/www.sudoestehoje.com.br\/novoportal\/wp-json\/wp\/v2\/users\/2"}],"replies":[{"embeddable":true,"href":"https:\/\/www.sudoestehoje.com.br\/novoportal\/wp-json\/wp\/v2\/comments?post=53176"}],"version-history":[{"count":3,"href":"https:\/\/www.sudoestehoje.com.br\/novoportal\/wp-json\/wp\/v2\/posts\/53176\/revisions"}],"predecessor-version":[{"id":53181,"href":"https:\/\/www.sudoestehoje.com.br\/novoportal\/wp-json\/wp\/v2\/posts\/53176\/revisions\/53181"}],"wp:attachment":[{"href":"https:\/\/www.sudoestehoje.com.br\/novoportal\/wp-json\/wp\/v2\/media?parent=53176"}],"wp:term":[{"taxonomy":"category","embeddable":true,"href":"https:\/\/www.sudoestehoje.com.br\/novoportal\/wp-json\/wp\/v2\/categories?post=53176"},{"taxonomy":"post_tag","embeddable":true,"href":"https:\/\/www.sudoestehoje.com.br\/novoportal\/wp-json\/wp\/v2\/tags?post=53176"}],"curies":[{"name":"wp","href":"https:\/\/api.w.org\/{rel}","templated":true}]}}