
{"id":53152,"date":"2015-10-24T23:42:21","date_gmt":"2015-10-25T02:42:21","guid":{"rendered":"http:\/\/www.sudoestehoje.com.br\/novoportal\/?p=53152"},"modified":"2015-10-24T23:42:21","modified_gmt":"2015-10-25T02:42:21","slug":"bancarios-vao-decidir-rumos-da-greve-em-assembleia-na-segunda","status":"publish","type":"post","link":"https:\/\/www.sudoestehoje.com.br\/novoportal\/2015\/10\/24\/bancarios-vao-decidir-rumos-da-greve-em-assembleia-na-segunda\/","title":{"rendered":"BANC\u00c1RIOS V\u00c3O DECIDIR RUMOS DA GREVE EM ASSEMBL\u00c9IA NA SEGUNDA"},"content":{"rendered":"<p><a href=\"http:\/\/www.sudoestehoje.com.br\/novoportal\/wp-content\/uploads\/2015\/10\/GREVE.jpg\"><img loading=\"lazy\" decoding=\"async\" class=\"aligncenter size-medium wp-image-53153\" src=\"http:\/\/www.sudoestehoje.com.br\/novoportal\/wp-content\/uploads\/2015\/10\/GREVE-500x281.jpg\" alt=\"GREVE\" width=\"500\" height=\"281\" srcset=\"https:\/\/www.sudoestehoje.com.br\/novoportal\/wp-content\/uploads\/2015\/10\/GREVE-500x281.jpg 500w, https:\/\/www.sudoestehoje.com.br\/novoportal\/wp-content\/uploads\/2015\/10\/GREVE-700x394.jpg 700w, https:\/\/www.sudoestehoje.com.br\/novoportal\/wp-content\/uploads\/2015\/10\/GREVE.jpg 1920w\" sizes=\"auto, (max-width: 500px) 100vw, 500px\" \/><\/a><\/p>\n<p>Ap\u00f3s a apresenta\u00e7\u00e3o de reajuste salarial de 10% pela Fenaban (Federa\u00e7\u00e3o Nacional dos Bancos), o Sindicato dos Banc\u00e1rios na Bahia vai realizar uma nova assembleia na segunda-feira (26), \u00e0s 18h30, no Gin\u00e1sio de Esporte, ladeira dos Aflitos. A categoria vai avaliar os itens oferecidos pelos bancos e decidir os rumos da paralisa\u00e7\u00e3o.<\/p>\n<p>Al\u00e9m do aumento de 10%, os bancos ofereceram Participa\u00e7\u00e3o nos Lucros e Resultados,\u00a0piso e \u00edndice de 14% para os vales refei\u00e7\u00e3o e alimenta\u00e7\u00e3o. Tamb\u00e9m foi proposto que um dia ap\u00f3s a assinatura do acordo, que os banc\u00e1rios compensem os dias em greve, com no m\u00e1ximo, uma hora por dia \u00fatil\u00a0at\u00e9 o dia 15 de dezembro.<\/p>\n<p>O sindicato destacou que a Central de Trabalhadores do Brasil (CTB) se esfor\u00e7ou durante as negocia\u00e7\u00f5es para melhorar a proposta, propondo a rejei\u00e7\u00e3o, mas o Comando Nacional dos Banc\u00e1rios foi contr\u00e1rio e orientou a aceita\u00e7\u00e3o. A decis\u00e3o deve ser anunciada na segunda-feira.<\/p>\n<p><img decoding=\"async\" class=\"aligncenter\" src=\"http:\/\/www.sudoestehoje.com.br\/novoportal\/wp-content\/uploads\/2014\/12\/Banner-Casabella-500x104.jpg\" alt=\"Banner Casabella\" \/><\/p>\n","protected":false},"excerpt":{"rendered":"<p>Ap\u00f3s a apresenta\u00e7\u00e3o de reajuste salarial de 10% pela Fenaban (Federa\u00e7\u00e3o Nacional dos Bancos), o Sindicato dos Banc\u00e1rios na Bahia vai realizar uma nova assembleia na segunda-feira (26), \u00e0s 18h30, no Gin\u00e1sio de Esporte, ladeira dos Aflitos. A categoria vai avaliar os itens oferecidos pelos bancos e decidir os rumos da paralisa\u00e7\u00e3o. Al\u00e9m do aumento [&hellip;]<\/p>\n","protected":false},"author":2,"featured_media":0,"comment_status":"open","ping_status":"open","sticky":false,"template":"","format":"standard","meta":{"footnotes":"","_links_to":"","_links_to_target":""},"categories":[1],"tags":[],"class_list":["post-53152","post","type-post","status-publish","format-standard","hentry","category-geral"],"views":1289,"_links":{"self":[{"href":"https:\/\/www.sudoestehoje.com.br\/novoportal\/wp-json\/wp\/v2\/posts\/53152","targetHints":{"allow":["GET"]}}],"collection":[{"href":"https:\/\/www.sudoestehoje.com.br\/novoportal\/wp-json\/wp\/v2\/posts"}],"about":[{"href":"https:\/\/www.sudoestehoje.com.br\/novoportal\/wp-json\/wp\/v2\/types\/post"}],"author":[{"embeddable":true,"href":"https:\/\/www.sudoestehoje.com.br\/novoportal\/wp-json\/wp\/v2\/users\/2"}],"replies":[{"embeddable":true,"href":"https:\/\/www.sudoestehoje.com.br\/novoportal\/wp-json\/wp\/v2\/comments?post=53152"}],"version-history":[{"count":1,"href":"https:\/\/www.sudoestehoje.com.br\/novoportal\/wp-json\/wp\/v2\/posts\/53152\/revisions"}],"predecessor-version":[{"id":53154,"href":"https:\/\/www.sudoestehoje.com.br\/novoportal\/wp-json\/wp\/v2\/posts\/53152\/revisions\/53154"}],"wp:attachment":[{"href":"https:\/\/www.sudoestehoje.com.br\/novoportal\/wp-json\/wp\/v2\/media?parent=53152"}],"wp:term":[{"taxonomy":"category","embeddable":true,"href":"https:\/\/www.sudoestehoje.com.br\/novoportal\/wp-json\/wp\/v2\/categories?post=53152"},{"taxonomy":"post_tag","embeddable":true,"href":"https:\/\/www.sudoestehoje.com.br\/novoportal\/wp-json\/wp\/v2\/tags?post=53152"}],"curies":[{"name":"wp","href":"https:\/\/api.w.org\/{rel}","templated":true}]}}