
{"id":53133,"date":"2015-10-23T22:46:50","date_gmt":"2015-10-24T01:46:50","guid":{"rendered":"http:\/\/www.sudoestehoje.com.br\/novoportal\/?p=53133"},"modified":"2015-10-23T22:46:50","modified_gmt":"2015-10-24T01:46:50","slug":"deputado-herzem-gusmao-coordenara-encontro-das-ads-com-a-bancada-de-oposicao","status":"publish","type":"post","link":"https:\/\/www.sudoestehoje.com.br\/novoportal\/2015\/10\/23\/deputado-herzem-gusmao-coordenara-encontro-das-ads-com-a-bancada-de-oposicao\/","title":{"rendered":"DEPUTADO HERZEM GUSM\u00c3O COORDENAR\u00c1 ENCONTRO DAS ADs COM A BANCADA DE OPOSI\u00c7\u00c3O"},"content":{"rendered":"<p class=\"yiv3810446008MsoNormal\"><a href=\"http:\/\/www.sudoestehoje.com.br\/novoportal\/wp-content\/uploads\/2015\/10\/Herzem-Foto-agosto-2015.jpg\"><img loading=\"lazy\" decoding=\"async\" class=\"aligncenter size-medium wp-image-53134\" src=\"http:\/\/www.sudoestehoje.com.br\/novoportal\/wp-content\/uploads\/2015\/10\/Herzem-Foto-agosto-2015-500x334.jpg\" alt=\"Herzem - Foto agosto 2015\" width=\"500\" height=\"334\" srcset=\"https:\/\/www.sudoestehoje.com.br\/novoportal\/wp-content\/uploads\/2015\/10\/Herzem-Foto-agosto-2015-500x334.jpg 500w, https:\/\/www.sudoestehoje.com.br\/novoportal\/wp-content\/uploads\/2015\/10\/Herzem-Foto-agosto-2015.jpg 640w\" sizes=\"auto, (max-width: 500px) 100vw, 500px\" \/><\/a><\/p>\n<p id=\"yui_3_16_0_1_1445649712887_7278\" class=\"yiv3810446008MsoNormal\"><span id=\"yui_3_16_0_1_1445649712887_7277\">O deputado Herzem Gusm\u00e3o (PMDB) vai coordenar o encontro entre o F\u00f3rum das ADs e a bancada de oposi\u00e7\u00e3o na Assembleia Legislativa. Os representantes do F\u00f3rum pretendem conquistar o apoio dos parlamentares para uma emenda \u00e0 Lei Or\u00e7ament\u00e1ria Anual de 2016, que garanta mais recursos para as universidades.\u00a0 O pedido para Gusm\u00e3o ser o coordenador do encontro foi feito pelo l\u00edder da bancada de oposi\u00e7\u00e3o na Alba, deputado Sandro Regis (DEM). Logo ap\u00f3s aceitar o convite, Herzem Gusm\u00e3o acionou a sua assessoria e confirmou a reuni\u00e3o para a pr\u00f3xima ter\u00e7a-feira (27).<\/span><\/p>\n<p id=\"yui_3_16_0_1_1445649712887_7284\" class=\"yiv3810446008MsoNormal\"><span id=\"yui_3_16_0_1_1445649712887_7285\">Em recente nota divulgada na imprensa, a Adusb informou que s\u00f3 na UESB, a soma dos cortes de verbas nos \u00faltimos dois anos ultrapassa \u00a0R$ 6,5 milh\u00f5es. Em 2016, a universidade receber\u00e1 o mesmo valor de 2015 para as verbas de manuten\u00e7\u00e3o, investimento e custeio, montante comprovadamente insuficiente para as demandas.<\/span><\/p>\n<p id=\"yui_3_16_0_1_1445649712887_7288\" class=\"yiv3810446008MsoNormal\"><span id=\"yui_3_16_0_1_1445649712887_7289\">J\u00e1 o Conselho Superior da Uesb, em sua \u00faltima reuni\u00e3o, realizada no dia 14 de outubro, admitiu que caso o governo n\u00e3o realize suplementa\u00e7\u00e3o dos recursos ainda esse ano e n\u00e3o altere a cota or\u00e7ament\u00e1ria para 2016, o funcionamento da universidade ficar\u00e1 inviabilizado e poder\u00e1 resultar na suspens\u00e3o de atividades. Ascom<\/span><\/p>\n<p class=\"yiv3810446008MsoNormal\"><img loading=\"lazy\" decoding=\"async\" class=\" aligncenter\" src=\"http:\/\/2.bp.blogspot.com\/-70-eOs__L20\/VPCyusPhXRI\/AAAAAAAACAQ\/KHorKekdACs\/s640\/tarug%C3%A3o1.jpg\" alt=\"\" width=\"501\" height=\"141\" \/><\/p>\n","protected":false},"excerpt":{"rendered":"<p>O deputado Herzem Gusm\u00e3o (PMDB) vai coordenar o encontro entre o F\u00f3rum das ADs e a bancada de oposi\u00e7\u00e3o na Assembleia Legislativa. Os representantes do F\u00f3rum pretendem conquistar o apoio dos parlamentares para uma emenda \u00e0 Lei Or\u00e7ament\u00e1ria Anual de 2016, que garanta mais recursos para as universidades.\u00a0 O pedido para Gusm\u00e3o ser o coordenador [&hellip;]<\/p>\n","protected":false},"author":2,"featured_media":0,"comment_status":"open","ping_status":"open","sticky":false,"template":"","format":"standard","meta":{"footnotes":"","_links_to":"","_links_to_target":""},"categories":[1],"tags":[],"class_list":["post-53133","post","type-post","status-publish","format-standard","hentry","category-geral"],"views":1052,"_links":{"self":[{"href":"https:\/\/www.sudoestehoje.com.br\/novoportal\/wp-json\/wp\/v2\/posts\/53133","targetHints":{"allow":["GET"]}}],"collection":[{"href":"https:\/\/www.sudoestehoje.com.br\/novoportal\/wp-json\/wp\/v2\/posts"}],"about":[{"href":"https:\/\/www.sudoestehoje.com.br\/novoportal\/wp-json\/wp\/v2\/types\/post"}],"author":[{"embeddable":true,"href":"https:\/\/www.sudoestehoje.com.br\/novoportal\/wp-json\/wp\/v2\/users\/2"}],"replies":[{"embeddable":true,"href":"https:\/\/www.sudoestehoje.com.br\/novoportal\/wp-json\/wp\/v2\/comments?post=53133"}],"version-history":[{"count":2,"href":"https:\/\/www.sudoestehoje.com.br\/novoportal\/wp-json\/wp\/v2\/posts\/53133\/revisions"}],"predecessor-version":[{"id":53136,"href":"https:\/\/www.sudoestehoje.com.br\/novoportal\/wp-json\/wp\/v2\/posts\/53133\/revisions\/53136"}],"wp:attachment":[{"href":"https:\/\/www.sudoestehoje.com.br\/novoportal\/wp-json\/wp\/v2\/media?parent=53133"}],"wp:term":[{"taxonomy":"category","embeddable":true,"href":"https:\/\/www.sudoestehoje.com.br\/novoportal\/wp-json\/wp\/v2\/categories?post=53133"},{"taxonomy":"post_tag","embeddable":true,"href":"https:\/\/www.sudoestehoje.com.br\/novoportal\/wp-json\/wp\/v2\/tags?post=53133"}],"curies":[{"name":"wp","href":"https:\/\/api.w.org\/{rel}","templated":true}]}}