
{"id":53130,"date":"2015-10-23T21:47:54","date_gmt":"2015-10-24T00:47:54","guid":{"rendered":"http:\/\/www.sudoestehoje.com.br\/novoportal\/?p=53130"},"modified":"2015-10-23T21:47:54","modified_gmt":"2015-10-24T00:47:54","slug":"projeto-de-emergencia-tenta-solucionar-crise-hidrica-em-itambe","status":"publish","type":"post","link":"https:\/\/www.sudoestehoje.com.br\/novoportal\/2015\/10\/23\/projeto-de-emergencia-tenta-solucionar-crise-hidrica-em-itambe\/","title":{"rendered":"PROJETO DE EMERG\u00caNCIA TENTA SOLUCIONAR CRISE H\u00cdDRICA EM ITAMB\u00c9"},"content":{"rendered":"<p><a href=\"http:\/\/www.sudoestehoje.com.br\/novoportal\/wp-content\/uploads\/2015\/10\/rio-pardo1.jpg\"><img loading=\"lazy\" decoding=\"async\" class=\"aligncenter size-medium wp-image-53131\" src=\"http:\/\/www.sudoestehoje.com.br\/novoportal\/wp-content\/uploads\/2015\/10\/rio-pardo1-500x300.jpg\" alt=\"rio pardo\" width=\"500\" height=\"300\" \/><\/a><\/p>\n<p>A Embasa e a Prefeitura de Itamb\u00e9 podem ter encontrado uma solu\u00e7\u00e3o para a crise h\u00eddrica que assola aquele munic\u00edpio. Em uma reuni\u00e3o, na noite dessa quinta-feira (22), o \u00f3rg\u00e3o e a Administra\u00e7\u00e3o Municipal definiram um projeto de emerg\u00eancia para capta\u00e7\u00e3o de \u00e1gua em um dos afluentes do Rio Pardo.<\/p>\n<p>A iniciativa consiste no bombeamento das \u00e1guas do Rio Ribeir\u00e3o, localizado a 3 km da esta\u00e7\u00e3o de capta\u00e7\u00e3o da Embasa. A estrutura dos dutos ficar\u00e3o sob responsabilidade da Ger\u00eancia Administrativa da Embasa em Vit\u00f3ria da Conquista. J\u00e1 a Prefeitura do munic\u00edpio ceder\u00e1 um gerador para o funcionamento da bomba de suc\u00e7\u00e3o, bem como maquin\u00e1rio e m\u00e3o de obra para a realiza\u00e7\u00e3o do processo.<\/p>\n<p>A previs\u00e3o \u00e9 que os dutos cheguem \u00e0 cidade ainda nesta sexta-feira (23) e que at\u00e9 o final da pr\u00f3xima semana o abastecimento de \u00e1gua em Itamb\u00e9 seja normalizado. Resenha Geral<\/p>\n<p><img decoding=\"async\" class=\"aligncenter\" src=\"http:\/\/www.sudoestehoje.com.br\/novoportal\/wp-content\/uploads\/2015\/05\/rezende-500x163-500x163.jpg\" alt=\"rezende-500x163\" \/><\/p>\n","protected":false},"excerpt":{"rendered":"<p>A Embasa e a Prefeitura de Itamb\u00e9 podem ter encontrado uma solu\u00e7\u00e3o para a crise h\u00eddrica que assola aquele munic\u00edpio. Em uma reuni\u00e3o, na noite dessa quinta-feira (22), o \u00f3rg\u00e3o e a Administra\u00e7\u00e3o Municipal definiram um projeto de emerg\u00eancia para capta\u00e7\u00e3o de \u00e1gua em um dos afluentes do Rio Pardo. A iniciativa consiste no bombeamento [&hellip;]<\/p>\n","protected":false},"author":2,"featured_media":0,"comment_status":"open","ping_status":"open","sticky":false,"template":"","format":"standard","meta":{"footnotes":"","_links_to":"","_links_to_target":""},"categories":[1],"tags":[],"class_list":["post-53130","post","type-post","status-publish","format-standard","hentry","category-geral"],"views":1370,"_links":{"self":[{"href":"https:\/\/www.sudoestehoje.com.br\/novoportal\/wp-json\/wp\/v2\/posts\/53130","targetHints":{"allow":["GET"]}}],"collection":[{"href":"https:\/\/www.sudoestehoje.com.br\/novoportal\/wp-json\/wp\/v2\/posts"}],"about":[{"href":"https:\/\/www.sudoestehoje.com.br\/novoportal\/wp-json\/wp\/v2\/types\/post"}],"author":[{"embeddable":true,"href":"https:\/\/www.sudoestehoje.com.br\/novoportal\/wp-json\/wp\/v2\/users\/2"}],"replies":[{"embeddable":true,"href":"https:\/\/www.sudoestehoje.com.br\/novoportal\/wp-json\/wp\/v2\/comments?post=53130"}],"version-history":[{"count":1,"href":"https:\/\/www.sudoestehoje.com.br\/novoportal\/wp-json\/wp\/v2\/posts\/53130\/revisions"}],"predecessor-version":[{"id":53132,"href":"https:\/\/www.sudoestehoje.com.br\/novoportal\/wp-json\/wp\/v2\/posts\/53130\/revisions\/53132"}],"wp:attachment":[{"href":"https:\/\/www.sudoestehoje.com.br\/novoportal\/wp-json\/wp\/v2\/media?parent=53130"}],"wp:term":[{"taxonomy":"category","embeddable":true,"href":"https:\/\/www.sudoestehoje.com.br\/novoportal\/wp-json\/wp\/v2\/categories?post=53130"},{"taxonomy":"post_tag","embeddable":true,"href":"https:\/\/www.sudoestehoje.com.br\/novoportal\/wp-json\/wp\/v2\/tags?post=53130"}],"curies":[{"name":"wp","href":"https:\/\/api.w.org\/{rel}","templated":true}]}}