
{"id":53127,"date":"2015-10-22T22:42:12","date_gmt":"2015-10-23T01:42:12","guid":{"rendered":"http:\/\/www.sudoestehoje.com.br\/novoportal\/?p=53127"},"modified":"2015-10-22T22:42:12","modified_gmt":"2015-10-23T01:42:12","slug":"itapetinga-materia-do-sbt-mostra-revolta-da-populacao-contra-reajuste-do-saae","status":"publish","type":"post","link":"https:\/\/www.sudoestehoje.com.br\/novoportal\/2015\/10\/22\/itapetinga-materia-do-sbt-mostra-revolta-da-populacao-contra-reajuste-do-saae\/","title":{"rendered":"ITAPETINGA: MAT\u00c9RIA DO SBT MOSTRA REVOLTA DA POPULA\u00c7\u00c3O CONTRA REAJUSTE DO SAAE"},"content":{"rendered":"<div id=\"attachment_53128\" style=\"width: 510px\" class=\"wp-caption aligncenter\"><a href=\"http:\/\/www.sudoestehoje.com.br\/novoportal\/wp-content\/uploads\/2015\/10\/tiquinho-e-z\u00e9-carlos.jpg\"><img loading=\"lazy\" decoding=\"async\" aria-describedby=\"caption-attachment-53128\" class=\"size-medium wp-image-53128\" src=\"http:\/\/www.sudoestehoje.com.br\/novoportal\/wp-content\/uploads\/2015\/10\/tiquinho-e-z\u00e9-carlos-500x331.jpg\" alt=\"PREFEITO Z\u00c9 CARLOS E SEU HOMEM DE CONFIAN\u00c7A REAJUSTARAM AS TARIFAS DE \u00c1GUA E ESGOTOS, PENALIZANDO AINDA MAIS A POPULA\u00c7\u00c3O\" width=\"500\" height=\"331\" srcset=\"https:\/\/www.sudoestehoje.com.br\/novoportal\/wp-content\/uploads\/2015\/10\/tiquinho-e-z\u00e9-carlos-500x331.jpg 500w, https:\/\/www.sudoestehoje.com.br\/novoportal\/wp-content\/uploads\/2015\/10\/tiquinho-e-z\u00e9-carlos-700x464.jpg 700w, https:\/\/www.sudoestehoje.com.br\/novoportal\/wp-content\/uploads\/2015\/10\/tiquinho-e-z\u00e9-carlos.jpg 750w\" sizes=\"auto, (max-width: 500px) 100vw, 500px\" \/><\/a><p id=\"caption-attachment-53128\" class=\"wp-caption-text\">PREFEITO Z\u00c9 CARLOS E SEU &#8216;HOMEM DE CONFIAN\u00c7A&#8217; REAJUSTARAM AS TARIFAS DE \u00c1GUA E ESGOTOS, CAUSANDO REVOLTA E INDIGNA\u00c7\u00c3O NA CIDADE<\/p><\/div>\n<p>Motivada pelas den\u00fancias postadas no Sudoeste Hoje, a TV Aratu, repetidora do SBT na Bahia, realizou reportagem sobre o aumento abusivo das tarifa de \u00e1gua e esgoto, imposto pelo prefeito Z\u00e9 Carlos e o SAAE. Veja abaixo o v\u00eddeo da reportagem:<\/p>\n<p>https:\/\/www.youtube.com\/watch?v=b_z8B2t4fr4<\/p>\n","protected":false},"excerpt":{"rendered":"<p>Motivada pelas den\u00fancias postadas no Sudoeste Hoje, a TV Aratu, repetidora do SBT na Bahia, realizou reportagem sobre o aumento abusivo das tarifa de \u00e1gua e esgoto, imposto pelo prefeito Z\u00e9 Carlos e o SAAE. Veja abaixo o v\u00eddeo da reportagem: https:\/\/www.youtube.com\/watch?v=b_z8B2t4fr4<\/p>\n","protected":false},"author":2,"featured_media":0,"comment_status":"open","ping_status":"open","sticky":false,"template":"","format":"standard","meta":{"footnotes":"","_links_to":"","_links_to_target":""},"categories":[1],"tags":[],"class_list":["post-53127","post","type-post","status-publish","format-standard","hentry","category-geral"],"views":1795,"_links":{"self":[{"href":"https:\/\/www.sudoestehoje.com.br\/novoportal\/wp-json\/wp\/v2\/posts\/53127","targetHints":{"allow":["GET"]}}],"collection":[{"href":"https:\/\/www.sudoestehoje.com.br\/novoportal\/wp-json\/wp\/v2\/posts"}],"about":[{"href":"https:\/\/www.sudoestehoje.com.br\/novoportal\/wp-json\/wp\/v2\/types\/post"}],"author":[{"embeddable":true,"href":"https:\/\/www.sudoestehoje.com.br\/novoportal\/wp-json\/wp\/v2\/users\/2"}],"replies":[{"embeddable":true,"href":"https:\/\/www.sudoestehoje.com.br\/novoportal\/wp-json\/wp\/v2\/comments?post=53127"}],"version-history":[{"count":1,"href":"https:\/\/www.sudoestehoje.com.br\/novoportal\/wp-json\/wp\/v2\/posts\/53127\/revisions"}],"predecessor-version":[{"id":53129,"href":"https:\/\/www.sudoestehoje.com.br\/novoportal\/wp-json\/wp\/v2\/posts\/53127\/revisions\/53129"}],"wp:attachment":[{"href":"https:\/\/www.sudoestehoje.com.br\/novoportal\/wp-json\/wp\/v2\/media?parent=53127"}],"wp:term":[{"taxonomy":"category","embeddable":true,"href":"https:\/\/www.sudoestehoje.com.br\/novoportal\/wp-json\/wp\/v2\/categories?post=53127"},{"taxonomy":"post_tag","embeddable":true,"href":"https:\/\/www.sudoestehoje.com.br\/novoportal\/wp-json\/wp\/v2\/tags?post=53127"}],"curies":[{"name":"wp","href":"https:\/\/api.w.org\/{rel}","templated":true}]}}