
{"id":53118,"date":"2015-10-22T10:53:21","date_gmt":"2015-10-22T13:53:21","guid":{"rendered":"http:\/\/www.sudoestehoje.com.br\/novoportal\/?p=53118"},"modified":"2015-10-22T10:54:11","modified_gmt":"2015-10-22T13:54:11","slug":"salvador-pesquisa-aponta-favoritismo-de-acm-neto-com-62","status":"publish","type":"post","link":"https:\/\/www.sudoestehoje.com.br\/novoportal\/2015\/10\/22\/salvador-pesquisa-aponta-favoritismo-de-acm-neto-com-62\/","title":{"rendered":"SALVADOR: PESQUISA APONTA FAVORITISMO DE ACM NETO COM 62%"},"content":{"rendered":"<p><a href=\"http:\/\/www.sudoestehoje.com.br\/novoportal\/wp-content\/uploads\/2015\/10\/NETO.jpg\"><img loading=\"lazy\" decoding=\"async\" class=\"aligncenter  wp-image-53119\" src=\"http:\/\/www.sudoestehoje.com.br\/novoportal\/wp-content\/uploads\/2015\/10\/NETO-500x371.jpg\" alt=\"NETO\" width=\"500\" height=\"371\" srcset=\"https:\/\/www.sudoestehoje.com.br\/novoportal\/wp-content\/uploads\/2015\/10\/NETO-500x371.jpg 500w, https:\/\/www.sudoestehoje.com.br\/novoportal\/wp-content\/uploads\/2015\/10\/NETO-700x519.jpg 700w, https:\/\/www.sudoestehoje.com.br\/novoportal\/wp-content\/uploads\/2015\/10\/NETO.jpg 800w\" sizes=\"auto, (max-width: 500px) 100vw, 500px\" \/><\/a><\/p>\n<p>Ainda falta cerca de um ano para as Elei\u00e7\u00f5es municipais de 2016, mas as pesquisas j\u00e1 come\u00e7am a mostrar como est\u00e1 a inten\u00e7\u00e3o de voto dos soteropolitanos. Segundo uma pesquisa feita pelo Instituto Paran\u00e1 Pesquisas, em parceria com a Record Bahia, se as elei\u00e7\u00f5es fossem hoje o prefeito ACM Neto seria reeleito para o segundo mandato. Na pesquisa estimulada, quando os nomes s\u00e3o apresentados aos entrevistados, Neto tem 62,1% da prefer\u00eancia.<\/p>\n<p>L\u00eddice da Mata possui 6,7%, Sargento Isid\u00f3rio tem 4,7%, Imbassahy 4,4%, Tia Eron 4,2%, Walter Pinheiro 3,6%, Alice Portugal 1,7%, F\u00e1bio Mota e Marcos Mendes 0,3%. Quando os nomes n\u00e3o s\u00e3o apresentados, 58,4% n\u00e3o saberiam responder em quem votaria, enquanto 6,7% votariam branco ou nulo e ACM Neto teria 30,4% das inten\u00e7\u00f5es de voto. 1,2% votaria em L\u00eddice da Mata, enquanto Z\u00e9 Eduardo tem 0,5% da prefer\u00eancia, mesmo n\u00famero de Walter Pinheiro, Imbassahy e Sargento Isid\u00f3rio. <em>Varela Not\u00edcias<\/em><\/p>\n<p><img decoding=\"async\" class=\" aligncenter\" src=\"http:\/\/img.blogdoanderson.com\/publicidade\/cristo-redentor-02-15.jpg\" alt=\"\" \/><\/p>\n","protected":false},"excerpt":{"rendered":"<p>Ainda falta cerca de um ano para as Elei\u00e7\u00f5es municipais de 2016, mas as pesquisas j\u00e1 come\u00e7am a mostrar como est\u00e1 a inten\u00e7\u00e3o de voto dos soteropolitanos. Segundo uma pesquisa feita pelo Instituto Paran\u00e1 Pesquisas, em parceria com a Record Bahia, se as elei\u00e7\u00f5es fossem hoje o prefeito ACM Neto seria reeleito para o segundo [&hellip;]<\/p>\n","protected":false},"author":2,"featured_media":0,"comment_status":"open","ping_status":"open","sticky":false,"template":"","format":"standard","meta":{"footnotes":"","_links_to":"","_links_to_target":""},"categories":[1],"tags":[],"class_list":["post-53118","post","type-post","status-publish","format-standard","hentry","category-geral"],"views":1478,"_links":{"self":[{"href":"https:\/\/www.sudoestehoje.com.br\/novoportal\/wp-json\/wp\/v2\/posts\/53118","targetHints":{"allow":["GET"]}}],"collection":[{"href":"https:\/\/www.sudoestehoje.com.br\/novoportal\/wp-json\/wp\/v2\/posts"}],"about":[{"href":"https:\/\/www.sudoestehoje.com.br\/novoportal\/wp-json\/wp\/v2\/types\/post"}],"author":[{"embeddable":true,"href":"https:\/\/www.sudoestehoje.com.br\/novoportal\/wp-json\/wp\/v2\/users\/2"}],"replies":[{"embeddable":true,"href":"https:\/\/www.sudoestehoje.com.br\/novoportal\/wp-json\/wp\/v2\/comments?post=53118"}],"version-history":[{"count":2,"href":"https:\/\/www.sudoestehoje.com.br\/novoportal\/wp-json\/wp\/v2\/posts\/53118\/revisions"}],"predecessor-version":[{"id":53121,"href":"https:\/\/www.sudoestehoje.com.br\/novoportal\/wp-json\/wp\/v2\/posts\/53118\/revisions\/53121"}],"wp:attachment":[{"href":"https:\/\/www.sudoestehoje.com.br\/novoportal\/wp-json\/wp\/v2\/media?parent=53118"}],"wp:term":[{"taxonomy":"category","embeddable":true,"href":"https:\/\/www.sudoestehoje.com.br\/novoportal\/wp-json\/wp\/v2\/categories?post=53118"},{"taxonomy":"post_tag","embeddable":true,"href":"https:\/\/www.sudoestehoje.com.br\/novoportal\/wp-json\/wp\/v2\/tags?post=53118"}],"curies":[{"name":"wp","href":"https:\/\/api.w.org\/{rel}","templated":true}]}}