
{"id":53111,"date":"2015-10-22T09:26:51","date_gmt":"2015-10-22T12:26:51","guid":{"rendered":"http:\/\/www.sudoestehoje.com.br\/novoportal\/?p=53111"},"modified":"2015-10-22T09:26:51","modified_gmt":"2015-10-22T12:26:51","slug":"pmdb-articula-nome-de-lucio-em-lugar-de-cunha","status":"publish","type":"post","link":"https:\/\/www.sudoestehoje.com.br\/novoportal\/2015\/10\/22\/pmdb-articula-nome-de-lucio-em-lugar-de-cunha\/","title":{"rendered":"PMDB ARTICULA NOME DE L\u00daCIO EM LUGAR DE CUNHA"},"content":{"rendered":"<p><a href=\"http:\/\/www.sudoestehoje.com.br\/novoportal\/wp-content\/uploads\/2015\/10\/LUCIO.jpg\"><img loading=\"lazy\" decoding=\"async\" class=\"aligncenter  wp-image-53112\" src=\"http:\/\/www.sudoestehoje.com.br\/novoportal\/wp-content\/uploads\/2015\/10\/LUCIO-500x335.jpg\" alt=\"LUCIO\" width=\"501\" height=\"336\" srcset=\"https:\/\/www.sudoestehoje.com.br\/novoportal\/wp-content\/uploads\/2015\/10\/LUCIO-500x335.jpg 500w, https:\/\/www.sudoestehoje.com.br\/novoportal\/wp-content\/uploads\/2015\/10\/LUCIO-700x469.jpg 700w, https:\/\/www.sudoestehoje.com.br\/novoportal\/wp-content\/uploads\/2015\/10\/LUCIO.jpg 850w\" sizes=\"auto, (max-width: 501px) 100vw, 501px\" \/><\/a><\/p>\n<p>Opositor ferrenho da presidente Dilma Rousseff, o vice-l\u00edder do PMDB na C\u00e2mara dos Deputados, L\u00facio Vieira Lima, surge na cota\u00e7\u00e3o dos poss\u00edveis sucessores do atual presidente da Casa, Eduardo Cunha (PMDB-RJ), que est\u00e1 prestes a ser destitu\u00eddo do cargo (se n\u00e3o renunciar).<\/p>\n<p>Segundo a coluna Sat\u00e9lite, do jornal Correio, o irm\u00e3o do ex-ministro Geddel Vieira Lima agrada os apoiadores e dissidentes de Cunha, mas seria considerado \u201canti-petista demais\u201d para o cargo. O deputado tem cautela ao comentar, mas n\u00e3o descarta a possibilidade. \u201cEst\u00e1 saindo bastante nos jornais que no PMDB seria Picciani [deputado carioca Leonardo Picciani] ou eu. Mas \u00e9 mera especula\u00e7\u00e3o, j\u00e1 que voc\u00ea s\u00f3 pode ser cotado para um cargo quando ele est\u00e1 vago e n\u00e3o \u00e9 o caso\u201d.<\/p>\n<p><span id=\"more-82642\"><\/span>Em entrevista ao Bahia Not\u00edcias, contudo, L\u00facio Vieira Lima se mostra feliz com as \u2018especula\u00e7\u00f5es\u2019. \u201cS\u00f3 em especular o meu nome eu j\u00e1 fico satisfeito. \u00c9 sinal que estamos fazendo um bom trabalho\u201d. Nos bastidores, o peemedebista baiano \u00e9 visto como um bom articulador e que teria capacidade de transitar pela situa\u00e7\u00e3o e oposi\u00e7\u00e3o, apesar de ser desafeto declarado e agitador da bandeira do impeachment da presidente Dilma. <em>Bahia 247<\/em><\/p>\n<p><img decoding=\"async\" class=\"aligncenter\" src=\"http:\/\/www.sudoestehoje.com.br\/novoportal\/wp-content\/uploads\/2014\/07\/Feira-do-Lar-1.png\" alt=\"Feira-do-Lar (1)\" \/><\/p>\n","protected":false},"excerpt":{"rendered":"<p>Opositor ferrenho da presidente Dilma Rousseff, o vice-l\u00edder do PMDB na C\u00e2mara dos Deputados, L\u00facio Vieira Lima, surge na cota\u00e7\u00e3o dos poss\u00edveis sucessores do atual presidente da Casa, Eduardo Cunha (PMDB-RJ), que est\u00e1 prestes a ser destitu\u00eddo do cargo (se n\u00e3o renunciar). Segundo a coluna Sat\u00e9lite, do jornal Correio, o irm\u00e3o do ex-ministro Geddel Vieira [&hellip;]<\/p>\n","protected":false},"author":2,"featured_media":0,"comment_status":"open","ping_status":"open","sticky":false,"template":"","format":"standard","meta":{"footnotes":"","_links_to":"","_links_to_target":""},"categories":[1],"tags":[],"class_list":["post-53111","post","type-post","status-publish","format-standard","hentry","category-geral"],"views":1169,"_links":{"self":[{"href":"https:\/\/www.sudoestehoje.com.br\/novoportal\/wp-json\/wp\/v2\/posts\/53111","targetHints":{"allow":["GET"]}}],"collection":[{"href":"https:\/\/www.sudoestehoje.com.br\/novoportal\/wp-json\/wp\/v2\/posts"}],"about":[{"href":"https:\/\/www.sudoestehoje.com.br\/novoportal\/wp-json\/wp\/v2\/types\/post"}],"author":[{"embeddable":true,"href":"https:\/\/www.sudoestehoje.com.br\/novoportal\/wp-json\/wp\/v2\/users\/2"}],"replies":[{"embeddable":true,"href":"https:\/\/www.sudoestehoje.com.br\/novoportal\/wp-json\/wp\/v2\/comments?post=53111"}],"version-history":[{"count":1,"href":"https:\/\/www.sudoestehoje.com.br\/novoportal\/wp-json\/wp\/v2\/posts\/53111\/revisions"}],"predecessor-version":[{"id":53113,"href":"https:\/\/www.sudoestehoje.com.br\/novoportal\/wp-json\/wp\/v2\/posts\/53111\/revisions\/53113"}],"wp:attachment":[{"href":"https:\/\/www.sudoestehoje.com.br\/novoportal\/wp-json\/wp\/v2\/media?parent=53111"}],"wp:term":[{"taxonomy":"category","embeddable":true,"href":"https:\/\/www.sudoestehoje.com.br\/novoportal\/wp-json\/wp\/v2\/categories?post=53111"},{"taxonomy":"post_tag","embeddable":true,"href":"https:\/\/www.sudoestehoje.com.br\/novoportal\/wp-json\/wp\/v2\/tags?post=53111"}],"curies":[{"name":"wp","href":"https:\/\/api.w.org\/{rel}","templated":true}]}}