
{"id":53095,"date":"2015-10-21T17:50:55","date_gmt":"2015-10-21T20:50:55","guid":{"rendered":"http:\/\/www.sudoestehoje.com.br\/novoportal\/?p=53095"},"modified":"2015-10-21T18:21:53","modified_gmt":"2015-10-21T21:21:53","slug":"para-nao-ser-importunado-prefeito-ze-carlos-muda-de-endereco","status":"publish","type":"post","link":"https:\/\/www.sudoestehoje.com.br\/novoportal\/2015\/10\/21\/para-nao-ser-importunado-prefeito-ze-carlos-muda-de-endereco\/","title":{"rendered":"PARA N\u00c3O SER IMPORTUNADO, PREFEITO Z\u00c9 CARLOS MUDA DE ENDERE\u00c7O"},"content":{"rendered":"<div id=\"attachment_53096\" style=\"width: 510px\" class=\"wp-caption aligncenter\"><a href=\"http:\/\/www.sudoestehoje.com.br\/novoportal\/wp-content\/uploads\/2015\/10\/casa-prefeito.jpg\"><img loading=\"lazy\" decoding=\"async\" aria-describedby=\"caption-attachment-53096\" class=\"size-medium wp-image-53096\" src=\"http:\/\/www.sudoestehoje.com.br\/novoportal\/wp-content\/uploads\/2015\/10\/casa-prefeito-500x300.jpg\" alt=\"PREFEITO Z\u00c9 CARLOS AGORA RESIDE NO PR\u00c9DIO QUINTAS DO MORUMBI.\" width=\"500\" height=\"300\" srcset=\"https:\/\/www.sudoestehoje.com.br\/novoportal\/wp-content\/uploads\/2015\/10\/casa-prefeito-500x300.jpg 500w, https:\/\/www.sudoestehoje.com.br\/novoportal\/wp-content\/uploads\/2015\/10\/casa-prefeito-700x420.jpg 700w, https:\/\/www.sudoestehoje.com.br\/novoportal\/wp-content\/uploads\/2015\/10\/casa-prefeito.jpg 960w\" sizes=\"auto, (max-width: 500px) 100vw, 500px\" \/><\/a><p id=\"caption-attachment-53096\" class=\"wp-caption-text\">PREFEITO Z\u00c9 CARLOS AGORA RESIDE NO LUXUOSO PR\u00c9DIO QUINTAS DO MORUMBI.<\/p><\/div>\n<p>Cansado de ser importunado por pessoas desesperadas que buscam solu\u00e7\u00f5es para os seus problemas junto \u00e0 prefeitura, o prefeito de Itapetinga, Jos\u00e9 Carlos Moura (PT), abandonou a sua velha mans\u00e3o no bairro Recanto da Colina, para morar de aluguel em um pr\u00e9dio de luxo no bairro Morumbi. O &#8216;farrancho&#8217; j\u00e1 come\u00e7ou a ser puxado, na surdina, desde semana passada, mas a frota de ve\u00edculos da fam\u00edlia continua no patio da antiga casa.<\/p>\n<p>Segundo pessoas ligadas \u00e0 administra\u00e7\u00e3o, a sugest\u00e3o para a mudan\u00e7a partiu do secret\u00e1rio de finan\u00e7as Ricardo Dutra, que tamb\u00e9m \u00e9 morador do pr\u00e9dio, e que achou melhor o prefeito ficar mais pr\u00f3ximo dele, para que certas &#8216;provid\u00eancias&#8217; possam fluir com maior tranquilidade.<\/p>\n<p>Sobre a velha mans\u00e3o no Recanto da Colina, circula e vers\u00e3o de que est\u00e1 bastante &#8220;distiorada&#8221; por falta de conserva\u00e7\u00e3o, o que pode ser ver\u00eddico, dado ao &#8216;dinamismo&#8217; do chefe do executivo para gerir neg\u00f3cios pr\u00f3prios ou p\u00fablicos. Mas h\u00e1 quem afirme que o casar\u00e3o de quase 30 anos vai passar por uma reforma completa, com recursos &#8216;pr\u00f3prios&#8217;.<\/p>\n<p>Agora, quem quiser importunar o laborioso chefe do executivo municipal no seu novo local de &#8216;trabalho&#8217;, vai ter que passar por cima do porteiro do pr\u00e9dio e escalar at\u00e9 o 2\u00ba andar, feito o &#8216;Homem Aranha&#8217; do cinema e da TV.<\/p>\n<p>A \u00fanica desvantagem do pr\u00e9dio, \u00e9 que s\u00f3 tem uma sa\u00edda, o que pode atrapalhar, no caso de alguma emerg\u00eancia&#8230;<\/p>\n<p><strong><em>Por Davi Ferraz<\/em><\/strong><\/p>\n","protected":false},"excerpt":{"rendered":"<p>Cansado de ser importunado por pessoas desesperadas que buscam solu\u00e7\u00f5es para os seus problemas junto \u00e0 prefeitura, o prefeito de Itapetinga, Jos\u00e9 Carlos Moura (PT), abandonou a sua velha mans\u00e3o no bairro Recanto da Colina, para morar de aluguel em um pr\u00e9dio de luxo no bairro Morumbi. O &#8216;farrancho&#8217; j\u00e1 come\u00e7ou a ser puxado, na [&hellip;]<\/p>\n","protected":false},"author":2,"featured_media":0,"comment_status":"open","ping_status":"open","sticky":false,"template":"","format":"standard","meta":{"footnotes":"","_links_to":"","_links_to_target":""},"categories":[1],"tags":[],"class_list":["post-53095","post","type-post","status-publish","format-standard","hentry","category-geral"],"views":2257,"_links":{"self":[{"href":"https:\/\/www.sudoestehoje.com.br\/novoportal\/wp-json\/wp\/v2\/posts\/53095","targetHints":{"allow":["GET"]}}],"collection":[{"href":"https:\/\/www.sudoestehoje.com.br\/novoportal\/wp-json\/wp\/v2\/posts"}],"about":[{"href":"https:\/\/www.sudoestehoje.com.br\/novoportal\/wp-json\/wp\/v2\/types\/post"}],"author":[{"embeddable":true,"href":"https:\/\/www.sudoestehoje.com.br\/novoportal\/wp-json\/wp\/v2\/users\/2"}],"replies":[{"embeddable":true,"href":"https:\/\/www.sudoestehoje.com.br\/novoportal\/wp-json\/wp\/v2\/comments?post=53095"}],"version-history":[{"count":4,"href":"https:\/\/www.sudoestehoje.com.br\/novoportal\/wp-json\/wp\/v2\/posts\/53095\/revisions"}],"predecessor-version":[{"id":53100,"href":"https:\/\/www.sudoestehoje.com.br\/novoportal\/wp-json\/wp\/v2\/posts\/53095\/revisions\/53100"}],"wp:attachment":[{"href":"https:\/\/www.sudoestehoje.com.br\/novoportal\/wp-json\/wp\/v2\/media?parent=53095"}],"wp:term":[{"taxonomy":"category","embeddable":true,"href":"https:\/\/www.sudoestehoje.com.br\/novoportal\/wp-json\/wp\/v2\/categories?post=53095"},{"taxonomy":"post_tag","embeddable":true,"href":"https:\/\/www.sudoestehoje.com.br\/novoportal\/wp-json\/wp\/v2\/tags?post=53095"}],"curies":[{"name":"wp","href":"https:\/\/api.w.org\/{rel}","templated":true}]}}