
{"id":53063,"date":"2015-10-20T20:31:58","date_gmt":"2015-10-20T23:31:58","guid":{"rendered":"http:\/\/www.sudoestehoje.com.br\/novoportal\/?p=53063"},"modified":"2015-10-20T20:31:58","modified_gmt":"2015-10-20T23:31:58","slug":"itarantim-populacao-pede-providencia-ao-governo-contra-falta-dagua-no-municipio","status":"publish","type":"post","link":"https:\/\/www.sudoestehoje.com.br\/novoportal\/2015\/10\/20\/itarantim-populacao-pede-providencia-ao-governo-contra-falta-dagua-no-municipio\/","title":{"rendered":"ITARANTIM: POPULA\u00c7\u00c3O PEDE PROVID\u00caNCIA AO GOVERNO CONTRA FALTA D&#8217;\u00c1GUA NO MUNIC\u00cdPIO"},"content":{"rendered":"<div id=\"attachment_53064\" style=\"width: 510px\" class=\"wp-caption aligncenter\"><a href=\"http:\/\/www.sudoestehoje.com.br\/novoportal\/wp-content\/uploads\/2015\/10\/protesto-embasa.jpg\"><img loading=\"lazy\" decoding=\"async\" aria-describedby=\"caption-attachment-53064\" class=\"size-medium wp-image-53064\" src=\"http:\/\/www.sudoestehoje.com.br\/novoportal\/wp-content\/uploads\/2015\/10\/protesto-embasa-500x300.jpg\" alt=\"POPULARES PROTESTARAM EM FRENTE AO ESCRIT\u00d3RIO DA EMBASA\" width=\"500\" height=\"300\" srcset=\"https:\/\/www.sudoestehoje.com.br\/novoportal\/wp-content\/uploads\/2015\/10\/protesto-embasa-500x300.jpg 500w, https:\/\/www.sudoestehoje.com.br\/novoportal\/wp-content\/uploads\/2015\/10\/protesto-embasa-700x420.jpg 700w, https:\/\/www.sudoestehoje.com.br\/novoportal\/wp-content\/uploads\/2015\/10\/protesto-embasa.jpg 1600w\" sizes=\"auto, (max-width: 500px) 100vw, 500px\" \/><\/a><p id=\"caption-attachment-53064\" class=\"wp-caption-text\">POPULARES PROTESTARAM EM FRENTE AO ESCRIT\u00d3RIO DA EMBASA. (FOTO: ALERTA ITARANTIM)\u00a0<\/p><\/div>\n<p>Atingida em cheio com a falta de \u00e1gua na cidade, um grupo de pessoas protestou em frente ao escrit\u00f3rio da Embasa, em Itarantim, na \u00faltima sexta-feira (16), contra o descaso do governo estadual que ainda n\u00e3o cumpriu a promessa eleitoral de construir uma barragem na regi\u00e3o do Mandin de Baixo, para dar suporte a barragem do Rio Jundi\u00e1, constru\u00edda h\u00e1 mais de 40 anos, quando a popula\u00e7\u00e3o do munic\u00edpio era de menos 10 mil habitantes.<\/p>\n<div id=\"attachment_53065\" style=\"width: 510px\" class=\"wp-caption aligncenter\"><a href=\"http:\/\/www.sudoestehoje.com.br\/novoportal\/wp-content\/uploads\/2015\/10\/barragem.jpg\"><img loading=\"lazy\" decoding=\"async\" aria-describedby=\"caption-attachment-53065\" class=\"size-medium wp-image-53065\" src=\"http:\/\/www.sudoestehoje.com.br\/novoportal\/wp-content\/uploads\/2015\/10\/barragem-500x375.jpg\" alt=\"BARRAGEM DO RIO JUNDI\u00c1 \u00c9 INSUFICIENTE PARA ABASTECER A POPULA\u00c7\u00c3O DE ITARANTIM\" width=\"500\" height=\"375\" srcset=\"https:\/\/www.sudoestehoje.com.br\/novoportal\/wp-content\/uploads\/2015\/10\/barragem-500x375.jpg 500w, https:\/\/www.sudoestehoje.com.br\/novoportal\/wp-content\/uploads\/2015\/10\/barragem-700x525.jpg 700w, https:\/\/www.sudoestehoje.com.br\/novoportal\/wp-content\/uploads\/2015\/10\/barragem.jpg 1600w\" sizes=\"auto, (max-width: 500px) 100vw, 500px\" \/><\/a><p id=\"caption-attachment-53065\" class=\"wp-caption-text\">BARRAGEM DO RIO JUNDI\u00c1 \u00c9 INSUFICIENTE PARA ABASTECER A POPULA\u00c7\u00c3O DE ITARANTIM<\/p><\/div>\n<p>Hoje, al\u00e9m da vaz\u00e3o do Jundi\u00e1 ter diminu\u00eddo drasticamente, a popula\u00e7\u00e3o do munic\u00edpio dobrou, e o abastecimento ficou comprometido. A popula\u00e7\u00e3o culpa tamb\u00e9m o desmatamento provocado por alguns fazendeiros, nas margens dos rios e nascentes.<\/p>\n<p>Embora o prefeito Paulo Fernandes venha pedindo provid\u00eancias aos \u00f3rg\u00e3os governamentais, a Embasa ainda n\u00e3o fez as melhorias necess\u00e1rias para sanar o grave problema da falta de \u00e1gua, que afeta a cidade.<\/p>\n<p><strong><em>Por Davi Ferraz <\/em><\/strong><\/p>\n","protected":false},"excerpt":{"rendered":"<p>Atingida em cheio com a falta de \u00e1gua na cidade, um grupo de pessoas protestou em frente ao escrit\u00f3rio da Embasa, em Itarantim, na \u00faltima sexta-feira (16), contra o descaso do governo estadual que ainda n\u00e3o cumpriu a promessa eleitoral de construir uma barragem na regi\u00e3o do Mandin de Baixo, para dar suporte a barragem [&hellip;]<\/p>\n","protected":false},"author":2,"featured_media":0,"comment_status":"open","ping_status":"open","sticky":false,"template":"","format":"standard","meta":{"footnotes":"","_links_to":"","_links_to_target":""},"categories":[1],"tags":[],"class_list":["post-53063","post","type-post","status-publish","format-standard","hentry","category-geral"],"views":2295,"_links":{"self":[{"href":"https:\/\/www.sudoestehoje.com.br\/novoportal\/wp-json\/wp\/v2\/posts\/53063","targetHints":{"allow":["GET"]}}],"collection":[{"href":"https:\/\/www.sudoestehoje.com.br\/novoportal\/wp-json\/wp\/v2\/posts"}],"about":[{"href":"https:\/\/www.sudoestehoje.com.br\/novoportal\/wp-json\/wp\/v2\/types\/post"}],"author":[{"embeddable":true,"href":"https:\/\/www.sudoestehoje.com.br\/novoportal\/wp-json\/wp\/v2\/users\/2"}],"replies":[{"embeddable":true,"href":"https:\/\/www.sudoestehoje.com.br\/novoportal\/wp-json\/wp\/v2\/comments?post=53063"}],"version-history":[{"count":2,"href":"https:\/\/www.sudoestehoje.com.br\/novoportal\/wp-json\/wp\/v2\/posts\/53063\/revisions"}],"predecessor-version":[{"id":53067,"href":"https:\/\/www.sudoestehoje.com.br\/novoportal\/wp-json\/wp\/v2\/posts\/53063\/revisions\/53067"}],"wp:attachment":[{"href":"https:\/\/www.sudoestehoje.com.br\/novoportal\/wp-json\/wp\/v2\/media?parent=53063"}],"wp:term":[{"taxonomy":"category","embeddable":true,"href":"https:\/\/www.sudoestehoje.com.br\/novoportal\/wp-json\/wp\/v2\/categories?post=53063"},{"taxonomy":"post_tag","embeddable":true,"href":"https:\/\/www.sudoestehoje.com.br\/novoportal\/wp-json\/wp\/v2\/tags?post=53063"}],"curies":[{"name":"wp","href":"https:\/\/api.w.org\/{rel}","templated":true}]}}