
{"id":53055,"date":"2015-10-20T18:09:33","date_gmt":"2015-10-20T21:09:33","guid":{"rendered":"http:\/\/www.sudoestehoje.com.br\/novoportal\/?p=53055"},"modified":"2015-10-20T18:09:34","modified_gmt":"2015-10-20T21:09:34","slug":"dilma-vive-momentos-de-rainha-da-inglaterra","status":"publish","type":"post","link":"https:\/\/www.sudoestehoje.com.br\/novoportal\/2015\/10\/20\/dilma-vive-momentos-de-rainha-da-inglaterra\/","title":{"rendered":"DILMA VIVE MOMENTOS DE \u2018RAINHA DA INGLATERRA\u2019"},"content":{"rendered":"<div id=\"attachment_53056\" style=\"width: 510px\" class=\"wp-caption aligncenter\"><a href=\"http:\/\/www.sudoestehoje.com.br\/novoportal\/wp-content\/uploads\/2015\/10\/RAINHA.jpg\"><img loading=\"lazy\" decoding=\"async\" aria-describedby=\"caption-attachment-53056\" class=\"size-medium wp-image-53056\" src=\"http:\/\/www.sudoestehoje.com.br\/novoportal\/wp-content\/uploads\/2015\/10\/RAINHA-500x324.jpg\" alt=\"Estocolmo - Su\u00e9cia, 17\/10\/2015. Presidenta Dilma Rousseff recebe cumprimentos na chegada a Estocolmo. Foto: Roberto Stuckert Filho\/PR\" width=\"500\" height=\"324\" srcset=\"https:\/\/www.sudoestehoje.com.br\/novoportal\/wp-content\/uploads\/2015\/10\/RAINHA-500x324.jpg 500w, https:\/\/www.sudoestehoje.com.br\/novoportal\/wp-content\/uploads\/2015\/10\/RAINHA-700x453.jpg 700w, https:\/\/www.sudoestehoje.com.br\/novoportal\/wp-content\/uploads\/2015\/10\/RAINHA.jpg 1500w\" sizes=\"auto, (max-width: 500px) 100vw, 500px\" \/><\/a><p id=\"caption-attachment-53056\" class=\"wp-caption-text\">Su\u00e9cia: Dilma Rousseff recebe cumprimentos na chegada a Estocolmo.<\/p><\/div>\n<p>A presidente Dilma est\u00e1 decidida a se dedicar mais a agenda amena, tentando produzir fatos positivos, e a viagens internacionais. Ela concluiu que s\u00e3o para profissionais a condu\u00e7\u00e3o da pol\u00edtica econ\u00f4mica, delegada \u00e0 dupla Joaquim Levy (Fazenda) e Nelson Barbosa (Planejamento), e a articula\u00e7\u00e3o pol\u00edtica, entregue a Jaques Wagner (Casa Civil) e Ricardo Berzoini (Governo), ambos orientados por Lula.<\/p>\n<p>Lula foi quem recomendou a Dilma que viajasse mais, no Brasil e para o exterior, delegando \u00e1reas estrat\u00e9gicas a seus ministros.<\/p>\n<p>Dilma acatou sugest\u00e3o de Lula para se afastar da rotina governativa, mas ainda resiste \u00e0 press\u00e3o dele e do PT para demitir Joaquim Levy.<\/p>\n<p>Dilma s\u00f3 aceitou viver momentos de \u201crainha da Inglaterra\u201d sob amea\u00e7a de impeachment. Percebeu ser ela mesma sua maior advers\u00e1ria.<\/p>\n","protected":false},"excerpt":{"rendered":"<p>A presidente Dilma est\u00e1 decidida a se dedicar mais a agenda amena, tentando produzir fatos positivos, e a viagens internacionais. Ela concluiu que s\u00e3o para profissionais a condu\u00e7\u00e3o da pol\u00edtica econ\u00f4mica, delegada \u00e0 dupla Joaquim Levy (Fazenda) e Nelson Barbosa (Planejamento), e a articula\u00e7\u00e3o pol\u00edtica, entregue a Jaques Wagner (Casa Civil) e Ricardo Berzoini (Governo), [&hellip;]<\/p>\n","protected":false},"author":2,"featured_media":0,"comment_status":"open","ping_status":"open","sticky":false,"template":"","format":"standard","meta":{"footnotes":"","_links_to":"","_links_to_target":""},"categories":[1],"tags":[],"class_list":["post-53055","post","type-post","status-publish","format-standard","hentry","category-geral"],"views":1444,"_links":{"self":[{"href":"https:\/\/www.sudoestehoje.com.br\/novoportal\/wp-json\/wp\/v2\/posts\/53055","targetHints":{"allow":["GET"]}}],"collection":[{"href":"https:\/\/www.sudoestehoje.com.br\/novoportal\/wp-json\/wp\/v2\/posts"}],"about":[{"href":"https:\/\/www.sudoestehoje.com.br\/novoportal\/wp-json\/wp\/v2\/types\/post"}],"author":[{"embeddable":true,"href":"https:\/\/www.sudoestehoje.com.br\/novoportal\/wp-json\/wp\/v2\/users\/2"}],"replies":[{"embeddable":true,"href":"https:\/\/www.sudoestehoje.com.br\/novoportal\/wp-json\/wp\/v2\/comments?post=53055"}],"version-history":[{"count":3,"href":"https:\/\/www.sudoestehoje.com.br\/novoportal\/wp-json\/wp\/v2\/posts\/53055\/revisions"}],"predecessor-version":[{"id":53059,"href":"https:\/\/www.sudoestehoje.com.br\/novoportal\/wp-json\/wp\/v2\/posts\/53055\/revisions\/53059"}],"wp:attachment":[{"href":"https:\/\/www.sudoestehoje.com.br\/novoportal\/wp-json\/wp\/v2\/media?parent=53055"}],"wp:term":[{"taxonomy":"category","embeddable":true,"href":"https:\/\/www.sudoestehoje.com.br\/novoportal\/wp-json\/wp\/v2\/categories?post=53055"},{"taxonomy":"post_tag","embeddable":true,"href":"https:\/\/www.sudoestehoje.com.br\/novoportal\/wp-json\/wp\/v2\/tags?post=53055"}],"curies":[{"name":"wp","href":"https:\/\/api.w.org\/{rel}","templated":true}]}}