
{"id":53052,"date":"2015-10-24T00:08:34","date_gmt":"2015-10-24T03:08:34","guid":{"rendered":"http:\/\/www.sudoestehoje.com.br\/novoportal\/?p=53052"},"modified":"2015-10-27T08:54:57","modified_gmt":"2015-10-27T11:54:57","slug":"i-seminario-politico-economico-de-itapetinga","status":"publish","type":"post","link":"https:\/\/www.sudoestehoje.com.br\/novoportal\/2015\/10\/24\/i-seminario-politico-economico-de-itapetinga\/","title":{"rendered":"I SEMIN\u00c1RIO POL\u00cdTICO-ECON\u00d4MICO DE ITAPETINGA"},"content":{"rendered":"<div id=\"attachment_53171\" style=\"width: 486px\" class=\"wp-caption aligncenter\"><a href=\"http:\/\/www.sudoestehoje.com.br\/novoportal\/wp-content\/uploads\/2015\/10\/dem-476x7001.jpg\"><img loading=\"lazy\" decoding=\"async\" aria-describedby=\"caption-attachment-53171\" class=\"size-medium wp-image-53171\" src=\"http:\/\/www.sudoestehoje.com.br\/novoportal\/wp-content\/uploads\/2015\/10\/dem-476x7001-476x700.jpg\" alt=\"DIA 26 DE OUTUBRO, \u00c0S 19 h, NA C\u00c2MARA MUNICIPAL\" width=\"476\" height=\"700\" \/><\/a><p id=\"caption-attachment-53171\" class=\"wp-caption-text\">DIA 26 DE OUTUBRO, \u00c0S 19 h, NA C\u00c2MARA MUNICIPAL<\/p><\/div>\n","protected":false},"excerpt":{"rendered":"","protected":false},"author":2,"featured_media":0,"comment_status":"open","ping_status":"open","sticky":false,"template":"","format":"standard","meta":{"footnotes":"","_links_to":"","_links_to_target":""},"categories":[1],"tags":[],"class_list":["post-53052","post","type-post","status-publish","format-standard","hentry","category-geral"],"views":1452,"_links":{"self":[{"href":"https:\/\/www.sudoestehoje.com.br\/novoportal\/wp-json\/wp\/v2\/posts\/53052","targetHints":{"allow":["GET"]}}],"collection":[{"href":"https:\/\/www.sudoestehoje.com.br\/novoportal\/wp-json\/wp\/v2\/posts"}],"about":[{"href":"https:\/\/www.sudoestehoje.com.br\/novoportal\/wp-json\/wp\/v2\/types\/post"}],"author":[{"embeddable":true,"href":"https:\/\/www.sudoestehoje.com.br\/novoportal\/wp-json\/wp\/v2\/users\/2"}],"replies":[{"embeddable":true,"href":"https:\/\/www.sudoestehoje.com.br\/novoportal\/wp-json\/wp\/v2\/comments?post=53052"}],"version-history":[{"count":3,"href":"https:\/\/www.sudoestehoje.com.br\/novoportal\/wp-json\/wp\/v2\/posts\/53052\/revisions"}],"predecessor-version":[{"id":53172,"href":"https:\/\/www.sudoestehoje.com.br\/novoportal\/wp-json\/wp\/v2\/posts\/53052\/revisions\/53172"}],"wp:attachment":[{"href":"https:\/\/www.sudoestehoje.com.br\/novoportal\/wp-json\/wp\/v2\/media?parent=53052"}],"wp:term":[{"taxonomy":"category","embeddable":true,"href":"https:\/\/www.sudoestehoje.com.br\/novoportal\/wp-json\/wp\/v2\/categories?post=53052"},{"taxonomy":"post_tag","embeddable":true,"href":"https:\/\/www.sudoestehoje.com.br\/novoportal\/wp-json\/wp\/v2\/tags?post=53052"}],"curies":[{"name":"wp","href":"https:\/\/api.w.org\/{rel}","templated":true}]}}