
{"id":53046,"date":"2015-10-20T20:58:49","date_gmt":"2015-10-20T23:58:49","guid":{"rendered":"http:\/\/www.sudoestehoje.com.br\/novoportal\/?p=53046"},"modified":"2015-10-20T20:58:49","modified_gmt":"2015-10-20T23:58:49","slug":"espaco-do-leitor-lixo-e-abandono-na-vila-isabel","status":"publish","type":"post","link":"https:\/\/www.sudoestehoje.com.br\/novoportal\/2015\/10\/20\/espaco-do-leitor-lixo-e-abandono-na-vila-isabel\/","title":{"rendered":"ESPA\u00c7O DO LEITOR: LIXO E ABANDONO NA VILA ISABEL"},"content":{"rendered":"<p><a href=\"http:\/\/www.sudoestehoje.com.br\/novoportal\/wp-content\/uploads\/2015\/10\/LIXO-VILA.jpg\"><img loading=\"lazy\" decoding=\"async\" class=\"aligncenter size-medium wp-image-53068\" src=\"http:\/\/www.sudoestehoje.com.br\/novoportal\/wp-content\/uploads\/2015\/10\/LIXO-VILA-500x282.jpg\" alt=\"LIXO VILA\" width=\"500\" height=\"282\" srcset=\"https:\/\/www.sudoestehoje.com.br\/novoportal\/wp-content\/uploads\/2015\/10\/LIXO-VILA-500x282.jpg 500w, https:\/\/www.sudoestehoje.com.br\/novoportal\/wp-content\/uploads\/2015\/10\/LIXO-VILA-700x394.jpg 700w, https:\/\/www.sudoestehoje.com.br\/novoportal\/wp-content\/uploads\/2015\/10\/LIXO-VILA.jpg 960w\" sizes=\"auto, (max-width: 500px) 100vw, 500px\" \/><\/a><\/p>\n<p>Recebemos esta den\u00fancia de um leitor do blog, morador da Vila Isabel que reclama do lixo que se acumula nas ruas do bairro, por culpa da Secretaria de Servi\u00e7os P\u00fablicos, que n\u00e3o varre as vias p\u00fablicas do bairro, apesar da coleta ser feita diariamente. Confira a den\u00fancia:<\/p>\n<p><a href=\"http:\/\/www.sudoestehoje.com.br\/novoportal\/wp-content\/uploads\/2015\/10\/PRA\u00c7A-VILA.jpg\"><img loading=\"lazy\" decoding=\"async\" class=\"aligncenter size-medium wp-image-53069\" src=\"http:\/\/www.sudoestehoje.com.br\/novoportal\/wp-content\/uploads\/2015\/10\/PRA\u00c7A-VILA-500x282.jpg\" alt=\"PRA\u00c7A VILA\" width=\"500\" height=\"282\" srcset=\"https:\/\/www.sudoestehoje.com.br\/novoportal\/wp-content\/uploads\/2015\/10\/PRA\u00c7A-VILA-500x282.jpg 500w, https:\/\/www.sudoestehoje.com.br\/novoportal\/wp-content\/uploads\/2015\/10\/PRA\u00c7A-VILA-700x394.jpg 700w, https:\/\/www.sudoestehoje.com.br\/novoportal\/wp-content\/uploads\/2015\/10\/PRA\u00c7A-VILA.jpg 960w\" sizes=\"auto, (max-width: 500px) 100vw, 500px\" \/><\/a><\/p>\n<p><em>&#8220;Davi, o poder p\u00fablico municipal abandonou a Vila Isabel. Por onde passamos no bairro Vila Isabel \u00e9 comum ver lixo espalhado\u00a0pelas ruas, como podemos ver nas fotos, e tamb\u00e9m o total abandono\u00a0da \u00fanica pra\u00e7a que temos, sem contar que no bairro temos uma vereadora e\u00a0tamb\u00e9m um secretario, essa administra\u00e7\u00e3o vai ficar marcada como a pior\u00a0que j\u00e1 tivemos, sem sobra de d\u00favida, e ainda tem uns bestas que ficam com\u00a0raiva quando falamos mal.&#8221;<\/em><\/p>\n<p>A nobre vereadora &#8216;Neide da Vila&#8217;, que \u00e9 da base do governo municipal, bem que poderia reivindicar melhorias para o seu bairro, ao inv\u00e9s de s\u00f3 pedir favores pessoais. E olha que as elei\u00e7\u00f5es se aproximam&#8230;<\/p>\n<p><strong><em>Por Davi Ferraz<\/em><\/strong><\/p>\n","protected":false},"excerpt":{"rendered":"<p>Recebemos esta den\u00fancia de um leitor do blog, morador da Vila Isabel que reclama do lixo que se acumula nas ruas do bairro, por culpa da Secretaria de Servi\u00e7os P\u00fablicos, que n\u00e3o varre as vias p\u00fablicas do bairro, apesar da coleta ser feita diariamente. Confira a den\u00fancia: &#8220;Davi, o poder p\u00fablico municipal abandonou a Vila [&hellip;]<\/p>\n","protected":false},"author":2,"featured_media":0,"comment_status":"open","ping_status":"open","sticky":false,"template":"","format":"standard","meta":{"footnotes":"","_links_to":"","_links_to_target":""},"categories":[1],"tags":[],"class_list":["post-53046","post","type-post","status-publish","format-standard","hentry","category-geral"],"views":1534,"_links":{"self":[{"href":"https:\/\/www.sudoestehoje.com.br\/novoportal\/wp-json\/wp\/v2\/posts\/53046","targetHints":{"allow":["GET"]}}],"collection":[{"href":"https:\/\/www.sudoestehoje.com.br\/novoportal\/wp-json\/wp\/v2\/posts"}],"about":[{"href":"https:\/\/www.sudoestehoje.com.br\/novoportal\/wp-json\/wp\/v2\/types\/post"}],"author":[{"embeddable":true,"href":"https:\/\/www.sudoestehoje.com.br\/novoportal\/wp-json\/wp\/v2\/users\/2"}],"replies":[{"embeddable":true,"href":"https:\/\/www.sudoestehoje.com.br\/novoportal\/wp-json\/wp\/v2\/comments?post=53046"}],"version-history":[{"count":3,"href":"https:\/\/www.sudoestehoje.com.br\/novoportal\/wp-json\/wp\/v2\/posts\/53046\/revisions"}],"predecessor-version":[{"id":53071,"href":"https:\/\/www.sudoestehoje.com.br\/novoportal\/wp-json\/wp\/v2\/posts\/53046\/revisions\/53071"}],"wp:attachment":[{"href":"https:\/\/www.sudoestehoje.com.br\/novoportal\/wp-json\/wp\/v2\/media?parent=53046"}],"wp:term":[{"taxonomy":"category","embeddable":true,"href":"https:\/\/www.sudoestehoje.com.br\/novoportal\/wp-json\/wp\/v2\/categories?post=53046"},{"taxonomy":"post_tag","embeddable":true,"href":"https:\/\/www.sudoestehoje.com.br\/novoportal\/wp-json\/wp\/v2\/tags?post=53046"}],"curies":[{"name":"wp","href":"https:\/\/api.w.org\/{rel}","templated":true}]}}