
{"id":53039,"date":"2015-10-19T17:22:08","date_gmt":"2015-10-19T20:22:08","guid":{"rendered":"http:\/\/www.sudoestehoje.com.br\/novoportal\/?p=53039"},"modified":"2015-10-19T17:22:08","modified_gmt":"2015-10-19T20:22:08","slug":"policia-federal-e-acionada-para-investigar-suposto-vazamento-de-prova-do-enem","status":"publish","type":"post","link":"https:\/\/www.sudoestehoje.com.br\/novoportal\/2015\/10\/19\/policia-federal-e-acionada-para-investigar-suposto-vazamento-de-prova-do-enem\/","title":{"rendered":"POL\u00cdCIA FEDERAL \u00c9 ACIONADA PARA INVESTIGAR SUPOSTO VAZAMENTO DE PROVA DO ENEM"},"content":{"rendered":"<p><a href=\"http:\/\/www.sudoestehoje.com.br\/novoportal\/wp-content\/uploads\/2015\/10\/ENEM.jpg\"><img loading=\"lazy\" decoding=\"async\" class=\"aligncenter  wp-image-53040\" src=\"http:\/\/www.sudoestehoje.com.br\/novoportal\/wp-content\/uploads\/2015\/10\/ENEM.jpg\" alt=\"ENEM\" width=\"501\" height=\"369\" \/><\/a><\/p>\n<p>O Instituto Nacional de Pesquisas e Estudos Educacionais (Inep) vai acionar a Pol\u00edcia Federal por causa do <a href=\"http:\/\/www.bahianoticias.com.br\/noticia\/180305-fotos-das-provas-do-enem-caem-internet-inep-afirma-que-imagens-sao-falsas.html\" target=\"_blank\"><strong>suposto vazamento de imagens do caderno de quest\u00f5es e do tema da reda\u00e7\u00e3o do Exame Nacional do Ensino M\u00e9dio (Enem)<\/strong><\/a>. As fotos come\u00e7aram a circular neste domingo (18) nas redes sociais, mas o \u00f3rg\u00e3o ligado ao Minist\u00e9rio da Educa\u00e7\u00e3o (MEC) negou a veracidade dos documentos, que foram divulgados na p\u00e1gina do Inep no Facebook com a tarja \u201cprova falsa\u201d.<\/p>\n<p>Em nota, a assessoria do instituto afirmou que analisou os dispositivos de seguran\u00e7a e se constatou que a prova n\u00e3o \u00e9 verdadeira. O esquema de seguran\u00e7a para o exame ser\u00e1 intensificado este ano. Al\u00e9m de detectores de metais nas entradas e nos banheiros, a PF far\u00e1 o cruzamento de dados de candidatos para verificar o risco de fraudes. As 16.600.734 provas impressas ser\u00e3o distribu\u00eddas por 60 batalh\u00f5es do Ex\u00e9rcito e contar\u00e3o com cadeados eletr\u00f4nicos.<\/p>\n","protected":false},"excerpt":{"rendered":"<p>O Instituto Nacional de Pesquisas e Estudos Educacionais (Inep) vai acionar a Pol\u00edcia Federal por causa do suposto vazamento de imagens do caderno de quest\u00f5es e do tema da reda\u00e7\u00e3o do Exame Nacional do Ensino M\u00e9dio (Enem). As fotos come\u00e7aram a circular neste domingo (18) nas redes sociais, mas o \u00f3rg\u00e3o ligado ao Minist\u00e9rio da [&hellip;]<\/p>\n","protected":false},"author":2,"featured_media":0,"comment_status":"open","ping_status":"open","sticky":false,"template":"","format":"standard","meta":{"footnotes":"","_links_to":"","_links_to_target":""},"categories":[1],"tags":[],"class_list":["post-53039","post","type-post","status-publish","format-standard","hentry","category-geral"],"views":1298,"_links":{"self":[{"href":"https:\/\/www.sudoestehoje.com.br\/novoportal\/wp-json\/wp\/v2\/posts\/53039","targetHints":{"allow":["GET"]}}],"collection":[{"href":"https:\/\/www.sudoestehoje.com.br\/novoportal\/wp-json\/wp\/v2\/posts"}],"about":[{"href":"https:\/\/www.sudoestehoje.com.br\/novoportal\/wp-json\/wp\/v2\/types\/post"}],"author":[{"embeddable":true,"href":"https:\/\/www.sudoestehoje.com.br\/novoportal\/wp-json\/wp\/v2\/users\/2"}],"replies":[{"embeddable":true,"href":"https:\/\/www.sudoestehoje.com.br\/novoportal\/wp-json\/wp\/v2\/comments?post=53039"}],"version-history":[{"count":1,"href":"https:\/\/www.sudoestehoje.com.br\/novoportal\/wp-json\/wp\/v2\/posts\/53039\/revisions"}],"predecessor-version":[{"id":53041,"href":"https:\/\/www.sudoestehoje.com.br\/novoportal\/wp-json\/wp\/v2\/posts\/53039\/revisions\/53041"}],"wp:attachment":[{"href":"https:\/\/www.sudoestehoje.com.br\/novoportal\/wp-json\/wp\/v2\/media?parent=53039"}],"wp:term":[{"taxonomy":"category","embeddable":true,"href":"https:\/\/www.sudoestehoje.com.br\/novoportal\/wp-json\/wp\/v2\/categories?post=53039"},{"taxonomy":"post_tag","embeddable":true,"href":"https:\/\/www.sudoestehoje.com.br\/novoportal\/wp-json\/wp\/v2\/tags?post=53039"}],"curies":[{"name":"wp","href":"https:\/\/api.w.org\/{rel}","templated":true}]}}