
{"id":53035,"date":"2015-10-19T17:14:56","date_gmt":"2015-10-19T20:14:56","guid":{"rendered":"http:\/\/www.sudoestehoje.com.br\/novoportal\/?p=53035"},"modified":"2015-10-19T17:14:56","modified_gmt":"2015-10-19T20:14:56","slug":"jequie-com-recursos-de-r27-milhoes-santa-casa-passa-a-atender-apenas-pelo-sus","status":"publish","type":"post","link":"https:\/\/www.sudoestehoje.com.br\/novoportal\/2015\/10\/19\/jequie-com-recursos-de-r27-milhoes-santa-casa-passa-a-atender-apenas-pelo-sus\/","title":{"rendered":"JEQUI\u00c9: COM RECURSOS DE R$2,7 MILH\u00d5ES, SANTA CASA PASSA A ATENDER APENAS PELO SUS"},"content":{"rendered":"<p><a href=\"http:\/\/www.sudoestehoje.com.br\/novoportal\/wp-content\/uploads\/2015\/10\/SANTA-CASA-DE-JEQUIE.jpg\"><img loading=\"lazy\" decoding=\"async\" class=\"aligncenter  wp-image-53037\" src=\"http:\/\/www.sudoestehoje.com.br\/novoportal\/wp-content\/uploads\/2015\/10\/SANTA-CASA-DE-JEQUIE.jpg\" alt=\"SANTA-CASA-DE-JEQUIE\" width=\"501\" height=\"373\" \/><\/a><\/p>\n<p>A Santa Casa de Miseric\u00f3rdia S\u00e3o Judas Tadeu, da Funda\u00e7\u00e3o Jos\u00e9 Silveira em Jequi\u00e9, na regi\u00e3o baiana do M\u00e9dio Rio de Contas, receber\u00e1 um recurso de R$ 2,7 milh\u00f5es para credenciamento de servi\u00e7os de m\u00e9dia e alta complexidade ambulatorial e hospitalar pelo Sistema \u00danico de Sa\u00fade (SUS).<\/p>\n<p>Liberado pelo Minist\u00e9rio da Sa\u00fade, em publica\u00e7\u00e3o no Di\u00e1rio Oficial da Uni\u00e3o desta segunda-feira (19), o valor ser\u00e1 pago em parcelas mensais de R$ 230 mil ao Fundo Municipal de Sa\u00fade e destinado diretamente \u00e0 Santa Casa.<\/p>\n<p>&#8220;O credenciamento da Santa Casa de Miseric\u00f3rdia de S\u00e3o Judas Tadeu para atender 100% SUS refor\u00e7a o compromisso do Minist\u00e9rio da Sa\u00fade com a sa\u00fade p\u00fablica brasileira. Nosso objetivo \u00e9 investir nas Santas Casas de todo o Brasil e fortalecer ainda mais a participa\u00e7\u00e3o delas no atendimento \u00e0 popula\u00e7\u00e3o&#8221;, afirmou em nota o ministro da Sa\u00fade, Marcelo Castro.<\/p>\n<p>Nos \u00faltimos quatro anos, a pasta ampliou em 57% os recursos federais destinados \u00e0s Santas Casas e hospitais filantr\u00f3picos com o objetivo de fortalecer as unidades.<\/p>\n","protected":false},"excerpt":{"rendered":"<p>A Santa Casa de Miseric\u00f3rdia S\u00e3o Judas Tadeu, da Funda\u00e7\u00e3o Jos\u00e9 Silveira em Jequi\u00e9, na regi\u00e3o baiana do M\u00e9dio Rio de Contas, receber\u00e1 um recurso de R$ 2,7 milh\u00f5es para credenciamento de servi\u00e7os de m\u00e9dia e alta complexidade ambulatorial e hospitalar pelo Sistema \u00danico de Sa\u00fade (SUS). Liberado pelo Minist\u00e9rio da Sa\u00fade, em publica\u00e7\u00e3o no [&hellip;]<\/p>\n","protected":false},"author":2,"featured_media":0,"comment_status":"open","ping_status":"open","sticky":false,"template":"","format":"standard","meta":{"footnotes":"","_links_to":"","_links_to_target":""},"categories":[1],"tags":[],"class_list":["post-53035","post","type-post","status-publish","format-standard","hentry","category-geral"],"views":1891,"_links":{"self":[{"href":"https:\/\/www.sudoestehoje.com.br\/novoportal\/wp-json\/wp\/v2\/posts\/53035","targetHints":{"allow":["GET"]}}],"collection":[{"href":"https:\/\/www.sudoestehoje.com.br\/novoportal\/wp-json\/wp\/v2\/posts"}],"about":[{"href":"https:\/\/www.sudoestehoje.com.br\/novoportal\/wp-json\/wp\/v2\/types\/post"}],"author":[{"embeddable":true,"href":"https:\/\/www.sudoestehoje.com.br\/novoportal\/wp-json\/wp\/v2\/users\/2"}],"replies":[{"embeddable":true,"href":"https:\/\/www.sudoestehoje.com.br\/novoportal\/wp-json\/wp\/v2\/comments?post=53035"}],"version-history":[{"count":1,"href":"https:\/\/www.sudoestehoje.com.br\/novoportal\/wp-json\/wp\/v2\/posts\/53035\/revisions"}],"predecessor-version":[{"id":53038,"href":"https:\/\/www.sudoestehoje.com.br\/novoportal\/wp-json\/wp\/v2\/posts\/53035\/revisions\/53038"}],"wp:attachment":[{"href":"https:\/\/www.sudoestehoje.com.br\/novoportal\/wp-json\/wp\/v2\/media?parent=53035"}],"wp:term":[{"taxonomy":"category","embeddable":true,"href":"https:\/\/www.sudoestehoje.com.br\/novoportal\/wp-json\/wp\/v2\/categories?post=53035"},{"taxonomy":"post_tag","embeddable":true,"href":"https:\/\/www.sudoestehoje.com.br\/novoportal\/wp-json\/wp\/v2\/tags?post=53035"}],"curies":[{"name":"wp","href":"https:\/\/api.w.org\/{rel}","templated":true}]}}