
{"id":53032,"date":"2015-10-19T17:06:04","date_gmt":"2015-10-19T20:06:04","guid":{"rendered":"http:\/\/www.sudoestehoje.com.br\/novoportal\/?p=53032"},"modified":"2015-10-19T17:06:05","modified_gmt":"2015-10-19T20:06:05","slug":"governador-rui-costa-quer-representantes-das-religioes-nas-escolas-do-estado","status":"publish","type":"post","link":"https:\/\/www.sudoestehoje.com.br\/novoportal\/2015\/10\/19\/governador-rui-costa-quer-representantes-das-religioes-nas-escolas-do-estado\/","title":{"rendered":"GOVERNADOR RUI COSTA QUER &#8220;REPRESENTANTES DAS RELIGI\u00d5ES&#8221; NAS ESCOLAS DO ESTADO"},"content":{"rendered":"<p><a href=\"http:\/\/www.sudoestehoje.com.br\/novoportal\/wp-content\/uploads\/2015\/10\/Intoler\u00e2ncia-religiosa.gif\"><img loading=\"lazy\" decoding=\"async\" class=\"aligncenter  wp-image-53033\" src=\"http:\/\/www.sudoestehoje.com.br\/novoportal\/wp-content\/uploads\/2015\/10\/Intoler\u00e2ncia-religiosa-500x576.gif\" alt=\"Intoler\u00e2ncia-religiosa\" width=\"500\" height=\"576\" srcset=\"https:\/\/www.sudoestehoje.com.br\/novoportal\/wp-content\/uploads\/2015\/10\/Intoler\u00e2ncia-religiosa-500x576.gif 500w, https:\/\/www.sudoestehoje.com.br\/novoportal\/wp-content\/uploads\/2015\/10\/Intoler\u00e2ncia-religiosa-700x806.gif 700w\" sizes=\"auto, (max-width: 500px) 100vw, 500px\" \/><\/a><\/p>\n<p>Um programa da Secretaria de Educa\u00e7\u00e3o da Bahia pretende levar representantes de diferentes religi\u00f5es para as salas de aula. A inten\u00e7\u00e3o, de acordo com o governador Rui Costa, \u00e9 que os valores religiosos, bem como os familiares, sejam debatidos nas escolas de todo o estado para que as \u201ccrian\u00e7as possam discutir outros valores que n\u00e3o sejam carros, rel\u00f3gios e t\u00eanis\u201d.<\/p>\n<p>O assunto foi pauta ap\u00f3s o gestor relacionar, durante entrevista concedida nesta segunda-feira (19) \u00e0 r\u00e1dio Metr\u00f3pole, a viol\u00eancia \u00e0 desestrutura da fam\u00edlia e o desapego aos &#8220;valores&#8221;. Rui disse tamb\u00e9m que o programa est\u00e1 sendo estruturado de forma que n\u00e3o imponha qualquer doutrina e que convidou os representantes para conhecer o projeto.<\/p>\n<p>Reparem s\u00f3 a confus\u00e3o que vai ser, quando ele misturar os representantes das religi\u00f5es evang\u00e9licas com as de origem afro&#8230;<\/p>\n","protected":false},"excerpt":{"rendered":"<p>Um programa da Secretaria de Educa\u00e7\u00e3o da Bahia pretende levar representantes de diferentes religi\u00f5es para as salas de aula. A inten\u00e7\u00e3o, de acordo com o governador Rui Costa, \u00e9 que os valores religiosos, bem como os familiares, sejam debatidos nas escolas de todo o estado para que as \u201ccrian\u00e7as possam discutir outros valores que n\u00e3o [&hellip;]<\/p>\n","protected":false},"author":2,"featured_media":0,"comment_status":"open","ping_status":"open","sticky":false,"template":"","format":"standard","meta":{"footnotes":"","_links_to":"","_links_to_target":""},"categories":[1],"tags":[],"class_list":["post-53032","post","type-post","status-publish","format-standard","hentry","category-geral"],"views":2683,"_links":{"self":[{"href":"https:\/\/www.sudoestehoje.com.br\/novoportal\/wp-json\/wp\/v2\/posts\/53032","targetHints":{"allow":["GET"]}}],"collection":[{"href":"https:\/\/www.sudoestehoje.com.br\/novoportal\/wp-json\/wp\/v2\/posts"}],"about":[{"href":"https:\/\/www.sudoestehoje.com.br\/novoportal\/wp-json\/wp\/v2\/types\/post"}],"author":[{"embeddable":true,"href":"https:\/\/www.sudoestehoje.com.br\/novoportal\/wp-json\/wp\/v2\/users\/2"}],"replies":[{"embeddable":true,"href":"https:\/\/www.sudoestehoje.com.br\/novoportal\/wp-json\/wp\/v2\/comments?post=53032"}],"version-history":[{"count":1,"href":"https:\/\/www.sudoestehoje.com.br\/novoportal\/wp-json\/wp\/v2\/posts\/53032\/revisions"}],"predecessor-version":[{"id":53034,"href":"https:\/\/www.sudoestehoje.com.br\/novoportal\/wp-json\/wp\/v2\/posts\/53032\/revisions\/53034"}],"wp:attachment":[{"href":"https:\/\/www.sudoestehoje.com.br\/novoportal\/wp-json\/wp\/v2\/media?parent=53032"}],"wp:term":[{"taxonomy":"category","embeddable":true,"href":"https:\/\/www.sudoestehoje.com.br\/novoportal\/wp-json\/wp\/v2\/categories?post=53032"},{"taxonomy":"post_tag","embeddable":true,"href":"https:\/\/www.sudoestehoje.com.br\/novoportal\/wp-json\/wp\/v2\/tags?post=53032"}],"curies":[{"name":"wp","href":"https:\/\/api.w.org\/{rel}","templated":true}]}}