
{"id":53025,"date":"2015-10-18T21:09:29","date_gmt":"2015-10-19T00:09:29","guid":{"rendered":"http:\/\/www.sudoestehoje.com.br\/novoportal\/?p=53025"},"modified":"2015-10-19T13:01:30","modified_gmt":"2015-10-19T16:01:30","slug":"procura-se-pelos-caes-safira-e-raja","status":"publish","type":"post","link":"https:\/\/www.sudoestehoje.com.br\/novoportal\/2015\/10\/18\/procura-se-pelos-caes-safira-e-raja\/","title":{"rendered":"PROCURA-SE PELOS C\u00c3ES SAFIRA E RAJ\u00c1"},"content":{"rendered":"<p><a href=\"http:\/\/www.sudoestehoje.com.br\/novoportal\/wp-content\/uploads\/2015\/10\/SAFIRA-E-RAJ\u00c1.jpg\"><img loading=\"lazy\" decoding=\"async\" class=\"aligncenter size-medium wp-image-53026\" src=\"http:\/\/www.sudoestehoje.com.br\/novoportal\/wp-content\/uploads\/2015\/10\/SAFIRA-E-RAJ\u00c1-500x436.jpg\" alt=\"SAFIRA E RAJ\u00c1\" width=\"500\" height=\"436\" srcset=\"https:\/\/www.sudoestehoje.com.br\/novoportal\/wp-content\/uploads\/2015\/10\/SAFIRA-E-RAJ\u00c1-500x436.jpg 500w, https:\/\/www.sudoestehoje.com.br\/novoportal\/wp-content\/uploads\/2015\/10\/SAFIRA-E-RAJ\u00c1-700x610.jpg 700w, https:\/\/www.sudoestehoje.com.br\/novoportal\/wp-content\/uploads\/2015\/10\/SAFIRA-E-RAJ\u00c1.jpg 960w\" sizes=\"auto, (max-width: 500px) 100vw, 500px\" \/><\/a><\/p>\n<p>Amigos, esses dois c\u00e3es s\u00e3o nossos e est\u00e3o desaparecidos desde o final da tarde deste domingo. S\u00e3o c\u00e3es mesti\u00e7os e n\u00e3o t\u00eam valor econ\u00f4mico, s\u00f3 afetivo. Quem os encontrar, favor entrar em contato conosco pelo telefone\/zap 77-99138-2338. Os c\u00e3es est\u00e3o juntos e foram vistos nas imedia\u00e7\u00f5es do Recanto da Colina. O maior atende pelo nome de Raj\u00e1 e a cadela escura atende pelo nome de Safira. S\u00e3o d\u00f3ceis. Quem os encontrar ser\u00e1 bem recompensado.<\/p>\n<p>C\u00c3ES ENCONTRADOS<\/p>\n<p>INFORMAMOS AOS NOSSOS LEITORES QUE OS C\u00c3ES FORAM ENCONTRADOS NO PARQUE DA LAGOA, NA MANH\u00c3 DE HOJE, POR UM DOS NOSSOS LEITORES. AGRADECEMOS AOS AMIGOS QUE SE PREOCUPARAM, DANDO INFORMA\u00c7\u00d5ES.<\/p>\n<p>OBRIGADO A TODOS<\/p>\n","protected":false},"excerpt":{"rendered":"<p>Amigos, esses dois c\u00e3es s\u00e3o nossos e est\u00e3o desaparecidos desde o final da tarde deste domingo. S\u00e3o c\u00e3es mesti\u00e7os e n\u00e3o t\u00eam valor econ\u00f4mico, s\u00f3 afetivo. Quem os encontrar, favor entrar em contato conosco pelo telefone\/zap 77-99138-2338. Os c\u00e3es est\u00e3o juntos e foram vistos nas imedia\u00e7\u00f5es do Recanto da Colina. O maior atende pelo nome [&hellip;]<\/p>\n","protected":false},"author":2,"featured_media":0,"comment_status":"open","ping_status":"open","sticky":false,"template":"","format":"standard","meta":{"footnotes":"","_links_to":"","_links_to_target":""},"categories":[1],"tags":[],"class_list":["post-53025","post","type-post","status-publish","format-standard","hentry","category-geral"],"views":1296,"_links":{"self":[{"href":"https:\/\/www.sudoestehoje.com.br\/novoportal\/wp-json\/wp\/v2\/posts\/53025","targetHints":{"allow":["GET"]}}],"collection":[{"href":"https:\/\/www.sudoestehoje.com.br\/novoportal\/wp-json\/wp\/v2\/posts"}],"about":[{"href":"https:\/\/www.sudoestehoje.com.br\/novoportal\/wp-json\/wp\/v2\/types\/post"}],"author":[{"embeddable":true,"href":"https:\/\/www.sudoestehoje.com.br\/novoportal\/wp-json\/wp\/v2\/users\/2"}],"replies":[{"embeddable":true,"href":"https:\/\/www.sudoestehoje.com.br\/novoportal\/wp-json\/wp\/v2\/comments?post=53025"}],"version-history":[{"count":3,"href":"https:\/\/www.sudoestehoje.com.br\/novoportal\/wp-json\/wp\/v2\/posts\/53025\/revisions"}],"predecessor-version":[{"id":53031,"href":"https:\/\/www.sudoestehoje.com.br\/novoportal\/wp-json\/wp\/v2\/posts\/53025\/revisions\/53031"}],"wp:attachment":[{"href":"https:\/\/www.sudoestehoje.com.br\/novoportal\/wp-json\/wp\/v2\/media?parent=53025"}],"wp:term":[{"taxonomy":"category","embeddable":true,"href":"https:\/\/www.sudoestehoje.com.br\/novoportal\/wp-json\/wp\/v2\/categories?post=53025"},{"taxonomy":"post_tag","embeddable":true,"href":"https:\/\/www.sudoestehoje.com.br\/novoportal\/wp-json\/wp\/v2\/tags?post=53025"}],"curies":[{"name":"wp","href":"https:\/\/api.w.org\/{rel}","templated":true}]}}